{"id":3121,"date":"2022-05-27T22:51:11","date_gmt":"2022-05-27T19:51:11","guid":{"rendered":"http:\/\/www.teknolojidergisi.net\/?p=3121"},"modified":"2022-05-27T22:51:13","modified_gmt":"2022-05-27T19:51:13","slug":"vivo-v23-5g-gunesi-resmediyor","status":"publish","type":"post","link":"https:\/\/www.teknolojidergisi.net\/?p=3121","title":{"rendered":"V\u0130VO V23 5G G\u00dcNE\u015e\u0130 RESMED\u0130YOR"},"content":{"rendered":"\n<p>inovatif yenilikleriyle sekt\u00f6re \u00f6nc\u00fcl\u00fck eden vivo, T\u00fcrkiye\u2019de ilk kez renk de\u011fi\u015ftirme \u00f6zelli\u011fine sahip V23 5G ile yaz aylar\u0131n\u0131za keyif ve e\u011flence kat\u0131yor. T\u00fcm yaz sahillerde ve plajlarda V23 5G g\u00fcne\u015fte de\u011fi\u015fen e\u015fsiz renkleriyle kullan\u0131c\u0131lar\u0131na e\u015flik ederken, \u00fczerine uygulanabilen desen se\u00e7enekleriyle de kullan\u0131c\u0131lar\u0131n tarz\u0131n\u0131 yans\u0131tmas\u0131na yard\u0131mc\u0131 oluyor. Ciltlerini g\u00fcne\u015f \u0131\u015f\u0131nlar\u0131ndan korurken telefonlar\u0131n\u0131 ise g\u00fcne\u015fsiz b\u0131rakmak istemeyecekler!<\/p>\n\n\n\n<p><strong>G\u00fcne\u015f \u0131\u015f\u0131nlar\u0131ndan yarat\u0131c\u0131l\u0131k yans\u0131tan arka y\u00fczey<\/strong><\/p>\n\n\n\n<p>Yaz aylar\u0131n\u0131n gelmesiyle insanlar\u0131n i\u00e7ine s\u0131\u011fmayan o enerjiyi yans\u0131tacaklar\u0131 en iyi yer bir par\u00e7alar\u0131 haline gelen telefonlar\u0131ndan ba\u015fkas\u0131 de\u011fil. Bunu bir telefon koruyucu veya farkl\u0131 bir aksesuar kullanmadan yap\u0131labilmesini sa\u011flayan V23 5G\u2019nin do\u011fadan ilham alan renkleriyle yarat\u0131c\u0131l\u0131kla bulu\u015ftu\u011funda ortaya \u00e7\u0131kan sonu\u00e7larla her ortamda \u0131\u015f\u0131\u011f\u0131yla fark yarat\u0131yor.&nbsp;<\/p>\n\n\n\n<p>Bulundu\u011fu ortamlarda kullan\u0131c\u0131lar\u0131n\u0131 tamamlayan en \u00f6zel aksesuar olmas\u0131n\u0131n yan\u0131 s\u0131ra arka kapak \u00fczerinde yaratt\u0131\u011f\u0131 canl\u0131 sanat eserin k\u0131sa s\u00fcreli kal\u0131c\u0131l\u0131\u011f\u0131 sayesinde e\u011flenceli aktivitelerin de vazge\u00e7ilmez detay\u0131 haline geliyor. Anlatmak istenilen kelimeleri dile getirmek yerine V23 5G\u2019nin arka y\u00fczeyinden yard\u0131m alarak iletmek al\u0131\u015fagelmi\u015fin d\u0131\u015f\u0131nda yeni e\u011flence modeli olacak.&nbsp;<\/p>\n\n\n\n<p><strong>\u00c7\u0131\u011f\u0131r a\u00e7an \u00f6zellikler<\/strong><\/p>\n\n\n\n<p>Tek bir \u00f6zellikle s\u0131n\u0131rl\u0131 kalmadan t\u00fcm telefona yay\u0131lan \u00fcst\u00fcn \u00f6zellikleriyle kendine hayran b\u0131rakan V23 5G, sahip oldu\u011fu ve T\u00fcrkiye\u2019de bir ilk olan 50 MP otomatik odaklanabilen \u00f6n kamera, 8MP s\u00fcper geni\u015f a\u00e7\u0131l\u0131 ikinci bir \u00f6n kamera kombinasyonuyla, muhte\u015fem net foto\u011fraf \u00e7ekebilir hem de \u00f6n kamerada bile s\u00fcper geni\u015f g\u00f6r\u00fcnt\u00fcler yakalanmas\u0131na olanak sa\u011fl\u0131yor.<\/p>\n\n\n\n<p>Tasar\u0131m\u0131yla fark yaratan V23 5G t\u00fcm bu \u00f6zellikleri g\u00fc\u00e7l\u00fc i\u015fletim sistemine s\u0131\u011fd\u0131r\u0131yor, g\u00fcc\u00fcn\u00fc MediaTek Dimensity 920\u2019den al\u0131yor.&nbsp;90 Hz yenileme h\u0131z\u0131na sahip ekran\u0131, geni\u015fletilmi\u015f RAM 2.0 teknolojisi ve 12 GB RAM\u2019e ek olarak, art\u0131 4 GB Geni\u015fletilmi\u015f RAM teknolojisi ile rakipleriyle performans ad\u0131na da yar\u0131\u015f\u0131yor.&nbsp;<\/p>\n","protected":false},"excerpt":{"rendered":"<p>inovatif yenilikleriyle sekt\u00f6re \u00f6nc\u00fcl\u00fck eden vivo, T\u00fcrkiye\u2019de ilk kez renk de\u011fi\u015ftirme \u00f6zelli\u011fine sahip V23 5G ile yaz aylar\u0131n\u0131za keyif ve e\u011flence kat\u0131yor. T\u00fcm yaz sahillerde ve plajlarda V23 5G g\u00fcne\u015fte de\u011fi\u015fen e\u015fsiz renkleriyle kullan\u0131c\u0131lar\u0131na e\u015flik ederken, \u00fczerine uygulanabilen desen se\u00e7enekleriyle de kullan\u0131c\u0131lar\u0131n tarz\u0131n\u0131 yans\u0131tmas\u0131na yard\u0131mc\u0131 oluyor. Ciltlerini g\u00fcne\u015f \u0131\u015f\u0131nlar\u0131ndan korurken telefonlar\u0131n\u0131 ise g\u00fcne\u015fsiz b\u0131rakmak istemeyecekler! G\u00fcne\u015f \u0131\u015f\u0131nlar\u0131ndan yarat\u0131c\u0131l\u0131k yans\u0131tan arka y\u00fczey Yaz aylar\u0131n\u0131n gelmesiyle insanlar\u0131n i\u00e7ine s\u0131\u011fmayan o enerjiyi yans\u0131tacaklar\u0131 en iyi yer bir par\u00e7alar\u0131 haline gelen telefonlar\u0131ndan ba\u015fkas\u0131 de\u011fil. Bunu bir telefon koruyucu veya farkl\u0131 bir aksesuar kullanmadan yap\u0131labilmesini sa\u011flayan V23 5G\u2019nin do\u011fadan ilham alan renkleriyle yarat\u0131c\u0131l\u0131kla bulu\u015ftu\u011funda ortaya<\/p>\n","protected":false},"author":3,"featured_media":3122,"comment_status":"closed","ping_status":"closed","sticky":false,"template":"","format":"standard","meta":{"footnotes":""},"categories":[2],"tags":[],"class_list":["post-3121","post","type-post","status-publish","format-standard","has-post-thumbnail","hentry","category-donanim"],"_links":{"self":[{"href":"https:\/\/www.teknolojidergisi.net\/index.php?rest_route=\/wp\/v2\/posts\/3121"}],"collection":[{"href":"https:\/\/www.teknolojidergisi.net\/index.php?rest_route=\/wp\/v2\/posts"}],"about":[{"href":"https:\/\/www.teknolojidergisi.net\/index.php?rest_route=\/wp\/v2\/types\/post"}],"author":[{"embeddable":true,"href":"https:\/\/www.teknolojidergisi.net\/index.php?rest_route=\/wp\/v2\/users\/3"}],"replies":[{"embeddable":true,"href":"https:\/\/www.teknolojidergisi.net\/index.php?rest_route=%2Fwp%2Fv2%2Fcomments&post=3121"}],"version-history":[{"count":1,"href":"https:\/\/www.teknolojidergisi.net\/index.php?rest_route=\/wp\/v2\/posts\/3121\/revisions"}],"predecessor-version":[{"id":3123,"href":"https:\/\/www.teknolojidergisi.net\/index.php?rest_route=\/wp\/v2\/posts\/3121\/revisions\/3123"}],"wp:featuredmedia":[{"embeddable":true,"href":"https:\/\/www.teknolojidergisi.net\/index.php?rest_route=\/wp\/v2\/media\/3122"}],"wp:attachment":[{"href":"https:\/\/www.teknolojidergisi.net\/index.php?rest_route=%2Fwp%2Fv2%2Fmedia&parent=3121"}],"wp:term":[{"taxonomy":"category","embeddable":true,"href":"https:\/\/www.teknolojidergisi.net\/index.php?rest_route=%2Fwp%2Fv2%2Fcategories&post=3121"},{"taxonomy":"post_tag","embeddable":true,"href":"https:\/\/www.teknolojidergisi.net\/index.php?rest_route=%2Fwp%2Fv2%2Ftags&post=3121"}],"curies":[{"name":"wp","href":"https:\/\/api.w.org\/{rel}","templated":true}]}}