{"id":8065,"date":"2026-01-12T11:12:23","date_gmt":"2026-01-12T08:12:23","guid":{"rendered":"https:\/\/www.teknolojidergisi.net\/?p=8065"},"modified":"2026-01-12T11:12:24","modified_gmt":"2026-01-12T08:12:24","slug":"yeni-dacia-sandero-avantajli-fiyatiyla-ve-goz-alici-tasarim-detaylariyla-yollarda","status":"publish","type":"post","link":"https:\/\/www.teknolojidergisi.net\/?p=8065","title":{"rendered":"YEN\u0130 DACIA SANDERO AVANTAJLI F\u0130YATIYLA VE G\u00d6Z ALICI TASARIM DETAYLARIYLA YOLLARDA"},"content":{"rendered":"\n<p>2017 y\u0131l\u0131ndan beri Avrupa\u2019n\u0131n en \u00e7ok satan perakende otomobili olan, 2024 y\u0131l\u0131nda t\u00fcm sat\u0131\u015f kanallar\u0131nda Avrupa&#8217;n\u0131n en \u00e7ok satan otomobili unvan\u0131n\u0131 kazanan ve bir y\u0131lda 300.000 adedi a\u015fmay\u0131 ba\u015farm\u0131\u015f ilk Dacia modeli olan Sandero; 2026 y\u0131l\u0131n\u0131n ilk g\u00fcnlerinden itibaren T\u00fcrkiye\u2019de yollara \u00e7\u0131kt\u0131.<\/p>\n\n\n\n<p>Yeni Sandero, yeni tasar\u0131m detaylar\u0131 ve geli\u015fmi\u015f donan\u0131m\u0131yla, 1.240.000 TL\u2019den ba\u015flayan fiyat\u0131yla sat\u0131\u015fa sunuldu. Kompakt tasar\u0131m\u0131yla \u00e7ok y\u00f6nl\u00fc bir \u015fehir otomobili olan Yeni Sandero, kullan\u0131c\u0131lar\u0131n ya\u015fam tarzlar\u0131na ve tercihlerine her zamankinden daha fazla uyum sa\u011fl\u0131yor. Sa\u011flaml\u0131k ve dinamizmi sade ve \u00f6zg\u00fcn bir tasar\u0131mda birle\u015ftiren \u00e7izgilerinin yan\u0131 s\u0131ra \u015f\u0131k, pratik ve modern bir g\u00f6r\u00fcn\u00fcme sahip olan bu otomobil, her yolculu\u011fu keyifli bir ana d\u00f6n\u00fc\u015ft\u00fcrmek i\u00e7in gerekli t\u00fcm donan\u0131m ve konforu sa\u011fl\u0131yor.<\/p>\n\n\n\n<p>Yeni Sandero, direkt enjeksiyonlu 3 silindirli turbo TCe 100 motoru ve 6 ileri manuel \u015fanz\u0131manla birlikte s\u00fcr\u00fc\u015f keyfini performansla birle\u015ftiriyor. Benzinli motoruyla 100 hp g\u00fc\u00e7 ve 200 Nm tork sunarken, ortalama 5,5L \/ 100km yak\u0131t t\u00fcketimiyle ise verimli ve ekonomik bir s\u00fcr\u00fc\u015f deneyimi sunuyor.<\/p>\n\n\n\n<p><strong>D\u0131\u015f Tasar\u0131ma Eklenen \u0130nce ve Zarif Detaylar<\/strong><\/p>\n\n\n\n<p>Yeni Sandero\u2019nun d\u0131\u015f tasar\u0131m\u0131, eklenen ince ve zarif detaylarla daha dikkat \u00e7ekici hale geldi. Yeni ters T imzal\u0131 LED farlar\u0131, modelin g\u00fc\u00e7l\u00fc duru\u015funu ve Dacia kimli\u011fini vurguluyor.<br>&nbsp;Piksel tasar\u0131m dilinden ilham al\u0131narak geli\u015ftirilen yeni \u00f6n \u0131zgara tasar\u0131m\u0131 ise \u00f6zel far tasar\u0131m\u0131yla m\u00fckemmel bir uyum i\u00e7inde modelin teknolojik ve \u00e7a\u011fda\u015f y\u00fcz\u00fcn\u00fc ortaya \u00e7\u0131kar\u0131yor.<br>&nbsp;Yeni tamponuyla m\u00fckemmel bir uyum sa\u011flayan \u00f6n \u0131zgara ve far tasar\u0131m\u0131, kusursuz bir b\u00fct\u00fcn olu\u015fturuyor. G\u00fc\u00e7l\u00fc arka y\u00fcz\u00fcnde bagaj kapa\u011f\u0131 tasar\u0131m\u0131na entegre edilmi\u015f ters T imzal\u0131 yeni arka farlar ise Yeni Sandero\u2019nun ki\u015fili\u011fini vurgulayan \u00f6nemli bir detay olarak \u00f6ne \u00e7\u0131k\u0131yor.&nbsp;<\/p>\n\n\n\n<p>Yeni Sandero\u2019nun Essential giri\u015f donan\u0131m seviyesinde standart olarak 15 in\u00e7 jant kapaklar\u0131 ve manuel klima bulunurken; kol dayamal\u0131 y\u00fcksek orta konsol, suni deri direksiyon, k\u00f6pekbal\u0131\u011f\u0131 anten ve 10 in\u00e7 dokunmatik multimedya sistemini i\u00e7eren konfor paketi ise opsiyonel olarak al\u0131nabiliyor. Expression donan\u0131m seviyesinde ise 16 in\u00e7 Atara flexwheel jant kapaklar\u0131n\u0131n yan\u0131 s\u0131ra k\u00f6pekbal\u0131\u011f\u0131 anten, geri g\u00f6r\u00fc\u015f kameras\u0131, 10 in\u00e7 multimedya sistemi ve otomatik klima ise standart olarak sunuluyor.&nbsp;<\/p>\n\n\n\n<p>Bunun yan\u0131 s\u0131ra Yeni Sandero\u2019nun renk se\u00e7eneklerine Amber Sar\u0131 ve Kum Beji metalik renkleri de ilk kez eklendi.&nbsp;<\/p>\n\n\n\n<p><strong>D\u0131\u015f Tasar\u0131mla Ba\u011flant\u0131l\u0131 \u0130\u00e7 Tasar\u0131m<\/strong><\/p>\n\n\n\n<p>Yeni Sandero\u2019nun d\u0131\u015f tasar\u0131m\u0131 kadar i\u00e7 tasar\u0131m\u0131nda da modern dokunu\u015flara yer verildi. Modelin i\u00e7 ve d\u0131\u015f tasar\u0131m\u0131ndaki ba\u011f\u0131 vurgulamak amac\u0131yla, \u00f6n konsoldaki yeni havaland\u0131rma \u0131zgaralar\u0131nda \u00f6n ve arka LED farlar\u0131n tasar\u0131m\u0131ndan ilham al\u0131nd\u0131. Essential ve Expression donan\u0131m seviyelerinde siyah renkli koltuk kaplamalar\u0131 kullan\u0131l\u0131rken, yaln\u0131zca Expression donan\u0131m seviyesine \u00f6zel \u00f6n konsolda ve kap\u0131 kollar\u0131nda kullan\u0131lan kuma\u015flar dikkat \u00e7ekiyor. &nbsp;<\/p>\n\n\n\n<p><strong>Yeni Dacia Sandero ile G\u00fcvenli ve Konforlu S\u00fcr\u00fc\u015f<\/strong><\/p>\n\n\n\n<p>17 adede varan geli\u015fmi\u015f s\u00fcr\u00fc\u015f destek (ADAS) sistemiyle Yeni Dacia Sandero, s\u00fcr\u00fc\u015f g\u00fcvenli\u011fini en \u00fcst seviyeye \u00e7\u0131kar\u0131yor. Ayr\u0131ca ak\u0131ll\u0131 \u201cMy Safety\u201d butonu ile, kullan\u0131c\u0131lar\u0131n tercih ettikleri ADAS yap\u0131land\u0131rmas\u0131na kolay eri\u015fim sa\u011flanabiliyor.<\/p>\n\n\n\n<p>Versiyona ba\u011fl\u0131 olarak Yeni Sandero\u2019da \u00e7e\u015fitli bilgi e\u011flence sistemleri sunuluyor. Essential donan\u0131m seviyesinde Media Control bilgi e\u011flence sistemi ile 4 adet hoparl\u00f6r, direksiyondan kumandal\u0131 Bluetooth ba\u011flant\u0131l\u0131 telefon sistemi ve \u00f6n konsolda telefon tutucu sunuluyor. Essential donan\u0131m seviyesinde opsiyonel ya da Expression donan\u0131m seviyesinde standart olarak ise Media Display bilgi e\u011flence sistemi ile 10 in\u00e7 dokunmatik ekranl\u0131 multimedya, radyo, USB kablosu veya Wi-Fi \u00fczerinden kablosuz ak\u0131ll\u0131 telefon yans\u0131tma, Bluetooth ba\u011flant\u0131s\u0131, direksiyon kumandas\u0131, 4 hoparl\u00f6r, \u00f6nde 3 adet ve orta konsolun arkas\u0131nda 1 adet USB-C giri\u015fi kullan\u0131ma sunuluyor.&nbsp;<\/p>\n\n\n\n<p>Yeni Sandero 410 litrelik bagaj hacmine sahip, koltuklar yat\u0131r\u0131ld\u0131\u011f\u0131nda ise saklama alan\u0131 1.455 litreye kadar y\u00fckseliyor. Pratik saklama alanlar\u0131n\u0131n yan\u0131 s\u0131ra i\u00e7 tasar\u0131m\u0131nda YouClip ba\u011flant\u0131 sistemiyle donat\u0131lan Yeni Sandero, kullan\u0131c\u0131lara son derece mod\u00fcler, kolay ve keyifli bir s\u00fcr\u00fc\u015f deneyimi ya\u015fat\u0131yor. Telefon ve tablet tutucu, \u00e7anta ve elbise ask\u0131s\u0131 olarak kullan\u0131labilen YouClip ba\u011flant\u0131 sistemi, Yeni Sandero ile yap\u0131lan yolculuklar\u0131 daha kullan\u0131\u015fl\u0131 ve konforlu hale getiriyor.&nbsp;<\/p>\n\n\n\n<p>Yeni Sandero; \u00e7evik ve sa\u011flam tasar\u0131m\u0131 ve her zaman be\u011feniyle alg\u0131lanan kalitesiyle Dacia DNA&#8217;s\u0131n\u0131 sonuna kadar yans\u0131tan bir model olarak kullan\u0131c\u0131larla bulu\u015fuyor. G\u00f6z al\u0131c\u0131 tasar\u0131m detaylar\u0131, art\u0131r\u0131lm\u0131\u015f donan\u0131m seviyeleri, geli\u015ftirilmi\u015f motor ve s\u00fcr\u00fc\u015f teknolojileri, standart olarak sunulan yeni g\u00fcvenlik sistemleriyle; daha modern, daha konforlu ve daha g\u00fcvenli bir s\u00fcr\u00fc\u015f deneyimi sunuyor.<\/p>\n","protected":false},"excerpt":{"rendered":"<p>2017 y\u0131l\u0131ndan beri Avrupa\u2019n\u0131n en \u00e7ok satan perakende otomobili olan, 2024 y\u0131l\u0131nda t\u00fcm sat\u0131\u015f kanallar\u0131nda Avrupa&#8217;n\u0131n en \u00e7ok satan otomobili unvan\u0131n\u0131 kazanan ve bir y\u0131lda 300.000 adedi a\u015fmay\u0131 ba\u015farm\u0131\u015f ilk Dacia modeli olan Sandero; 2026 y\u0131l\u0131n\u0131n ilk g\u00fcnlerinden itibaren T\u00fcrkiye\u2019de yollara \u00e7\u0131kt\u0131. Yeni Sandero, yeni tasar\u0131m detaylar\u0131 ve geli\u015fmi\u015f donan\u0131m\u0131yla, 1.240.000 TL\u2019den ba\u015flayan fiyat\u0131yla sat\u0131\u015fa sunuldu. Kompakt tasar\u0131m\u0131yla \u00e7ok y\u00f6nl\u00fc bir \u015fehir otomobili olan Yeni Sandero, kullan\u0131c\u0131lar\u0131n ya\u015fam tarzlar\u0131na ve tercihlerine her zamankinden daha fazla uyum sa\u011fl\u0131yor. Sa\u011flaml\u0131k ve dinamizmi sade ve \u00f6zg\u00fcn bir tasar\u0131mda birle\u015ftiren \u00e7izgilerinin yan\u0131 s\u0131ra \u015f\u0131k, pratik ve modern bir g\u00f6r\u00fcn\u00fcme sahip olan bu otomobil, her<\/p>\n","protected":false},"author":3,"featured_media":8066,"comment_status":"closed","ping_status":"closed","sticky":false,"template":"","format":"standard","meta":{"footnotes":""},"categories":[2],"tags":[],"class_list":["post-8065","post","type-post","status-publish","format-standard","has-post-thumbnail","hentry","category-donanim"],"_links":{"self":[{"href":"https:\/\/www.teknolojidergisi.net\/index.php?rest_route=\/wp\/v2\/posts\/8065"}],"collection":[{"href":"https:\/\/www.teknolojidergisi.net\/index.php?rest_route=\/wp\/v2\/posts"}],"about":[{"href":"https:\/\/www.teknolojidergisi.net\/index.php?rest_route=\/wp\/v2\/types\/post"}],"author":[{"embeddable":true,"href":"https:\/\/www.teknolojidergisi.net\/index.php?rest_route=\/wp\/v2\/users\/3"}],"replies":[{"embeddable":true,"href":"https:\/\/www.teknolojidergisi.net\/index.php?rest_route=%2Fwp%2Fv2%2Fcomments&post=8065"}],"version-history":[{"count":1,"href":"https:\/\/www.teknolojidergisi.net\/index.php?rest_route=\/wp\/v2\/posts\/8065\/revisions"}],"predecessor-version":[{"id":8067,"href":"https:\/\/www.teknolojidergisi.net\/index.php?rest_route=\/wp\/v2\/posts\/8065\/revisions\/8067"}],"wp:featuredmedia":[{"embeddable":true,"href":"https:\/\/www.teknolojidergisi.net\/index.php?rest_route=\/wp\/v2\/media\/8066"}],"wp:attachment":[{"href":"https:\/\/www.teknolojidergisi.net\/index.php?rest_route=%2Fwp%2Fv2%2Fmedia&parent=8065"}],"wp:term":[{"taxonomy":"category","embeddable":true,"href":"https:\/\/www.teknolojidergisi.net\/index.php?rest_route=%2Fwp%2Fv2%2Fcategories&post=8065"},{"taxonomy":"post_tag","embeddable":true,"href":"https:\/\/www.teknolojidergisi.net\/index.php?rest_route=%2Fwp%2Fv2%2Ftags&post=8065"}],"curies":[{"name":"wp","href":"https:\/\/api.w.org\/{rel}","templated":true}]}}