{"id":8260,"date":"2026-02-14T16:45:49","date_gmt":"2026-02-14T13:45:49","guid":{"rendered":"https:\/\/www.teknolojidergisi.net\/?p=8260"},"modified":"2026-02-14T16:45:49","modified_gmt":"2026-02-14T13:45:49","slug":"fiziksel-ve-dijital-deneyimin-bulusma-noktasi-borusan-oto-atasehir-acildi","status":"publish","type":"post","link":"https:\/\/www.teknolojidergisi.net\/?p=8260","title":{"rendered":"Fiziksel ve Dijital Deneyimin Bulu\u015fma Noktas\u0131 Borusan Oto Ata\u015fehir A\u00e7\u0131ld\u0131"},"content":{"rendered":"\n<p><strong>Borusan Otomotiv&#8217;in yeni nesil perakendecilik vizyonunu en g\u00fc\u00e7l\u00fc \u015fekilde yans\u0131tan Borusan Oto Ata\u015fehir, se\u00e7kin bir davetli toplulu\u011funun kat\u0131ld\u0131\u011f\u0131 \u00f6zel bir etkinlikle a\u00e7\u0131ld\u0131. BMW Group&#8217;un geli\u015ftirdi\u011fi yeni nesil sat\u0131\u015f konsepti Retail Next kapsam\u0131nda hayata ge\u00e7irilen Borusan Oto Ata\u015fehir, m\u00fc\u015fteriler ile otomobillerin sahneyi birlikte payla\u015ft\u0131\u011f\u0131, fiziksel ve dijital d\u00fcnyan\u0131n entegre oldu\u011fu &#8220;fijital&#8221; bir deneyim alan\u0131 sunuyor. Ayr\u0131ca&nbsp;<\/strong><strong>BMW tarihindeki en \u00f6nemli d\u00f6n\u00fc\u015f\u00fcm hamlelerinden biri olan Neue Klasse&#8217;nin ilk modeli<\/strong><strong>&nbsp;Yeni BMW iX3 de a\u00e7\u0131l\u0131\u015fa \u00f6zel olarak T\u00fcrkiye&#8217;de ilk kez Borusan Oto Ata\u015fehir&#8217;de sergilendi.<\/strong><\/p>\n\n\n\n<p><a href=\"https:\/\/we.tl\/t-qdogK2RIak\" target=\"_blank\" rel=\"noreferrer noopener\">Borusan Oto Ata\u015fehir A\u00e7\u0131l\u0131\u015f ve Showroom Foto\u011fraflar\u0131 link<\/a><strong><\/strong><\/p>\n\n\n\n<p><strong>Borusan Oto Ata\u015fehir&#8217;in a\u00e7\u0131l\u0131\u015f t\u00f6reninde konu\u015fan&nbsp;<\/strong><strong>Borusan Otomotiv \u0130cra Kurulu Ba\u015fkan\u0131 Hakan Tiftik,&nbsp;<\/strong>otomotiv sekt\u00f6r\u00fcn\u00fcn k\u00f6kl\u00fc bir d\u00f6n\u00fc\u015f\u00fcm s\u00fcrecinde oldu\u011funu, donan\u0131m odakl\u0131 m\u00fchendislik yakla\u015f\u0131m\u0131ndan, yaz\u0131l\u0131m, veri ve dijital mimarinin merkezde oldu\u011fu yeni bir d\u00f6neme ge\u00e7ildi\u011fini belirtti.<strong>&nbsp;Tiftik<\/strong>, &#8220;42 y\u0131l \u00f6nce Borusan Holding ve GIWA Holding&#8217;in ortakl\u0131\u011f\u0131yla \u00e7\u0131kt\u0131\u011f\u0131m\u0131z yolda; otomotiv sekt\u00f6r\u00fcnde yenilik\u00e7i \u00fcr\u00fcn ve hizmetlerimiz ile m\u00fc\u015fterilerimize benzersiz deneyim, payda\u015flar\u0131m\u0131za s\u00fcrd\u00fcr\u00fclebilir de\u011fer sunma misyonuyla ilerliyoruz. Borusan Otomotiv Grubu olarak de\u011fi\u015fen m\u00fc\u015fteri beklentilerine en iyi \u015fekilde yan\u0131t verebilmek i\u00e7in sekt\u00f6rde \u00f6nc\u00fc ad\u0131mlar atmaya devam ediyoruz. BMW Group taraf\u0131ndan geli\u015ftirilen ve perakendenin gelece\u011fine \u0131\u015f\u0131k tutan Retail Next konseptine g\u00f6re tasarlanan Borusan Oto Ata\u015fehir, m\u00fc\u015fterilerimiz ile otomobillerin sahneyi birlikte payla\u015ft\u0131\u011f\u0131, fijital, yani hem fiziksel hem dijital d\u00fcnyay\u0131 bir arada sunuyor. Bu d\u00f6n\u00fc\u015f\u00fcm sadece fiziksel bir yenilik de\u011fil, m\u00fc\u015fteri deneyimini m\u00fckemmelle\u015ftirme ve \u00fcst seviyelere ta\u015f\u0131ma hedefimizi de yans\u0131t\u0131yor. Borusan Oto Ata\u015fehir; \u00e7evreci altyap\u0131s\u0131, mimarisi ve b\u00fct\u00fcnc\u00fcl deneyim kurgusuyla yaln\u0131zca bug\u00fcn\u00fcn beklentilerine de\u011fil, yar\u0131n\u0131n premium perakende standartlar\u0131na da yan\u0131t verecek&#8221; dedi.<\/p>\n\n\n\n<p>Borusan Oto Ata\u015fehir&#8217;in, Borusan Otomotiv&#8217;in stratejik perakende vizyonu i\u00e7in \u00f6nemli bir kilometre ta\u015f\u0131 oldu\u011funu vurgulayan&nbsp;<strong>Borusan Otomotiv \u0130cra Kurulu Ba\u015fkan\u0131 Hakan Tiftik<\/strong>, &#8220;\u0130stanbul Anadolu Yakas\u0131; dinamizmi, h\u0131zla geli\u015fen ticari ve sosyal dokusu, y\u00fcksek m\u00fc\u015fteri potansiyeliyle stratejik \u00f6nceliklerimiz aras\u0131nda yer al\u0131yor. Yeni tesisimizde m\u00fc\u015fteri oda\u011f\u0131n\u0131 teknolojiyle destekleyen premium hizmetle bulu\u015fturuyoruz. Markam\u0131z\u0131n d\u00f6n\u00fc\u015f\u00fcm yolculu\u011funda bir sembol olan Yeni BMW iX3&#8217;\u00fc T\u00fcrkiye&#8217;de ilk kez b\u00f6yle \u00f6nemli bir noktada sergilemekten b\u00fcy\u00fck mutluluk ve gurur duyuyoruz. Yeni bir d\u00f6nemin ba\u015flang\u0131c\u0131 olan Neue Klasse&#8217;nin ilk temsilcisi Yeni BMW iX3, BMW&#8217;nin elektrikli mobilitedeki kararl\u0131l\u0131\u011f\u0131n\u0131 ve gelece\u011fe bak\u0131\u015f\u0131n\u0131 yans\u0131tan \u00e7ok \u00f6nemli bir model.&#8221; dedi.<\/p>\n\n\n\n<p><strong>BMW Group&#8217;un Asya-Pasifik, Do\u011fu Avrupa, Orta Do\u011fu ve Afrika&#8217;dan sorumlu K\u0131demli Ba\u015fkan Yard\u0131mc\u0131s\u0131 Ritu Chandy<\/strong>&nbsp;de a\u00e7\u0131l\u0131\u015fla ilgili \u015funlar\u0131 s\u00f6yledi: &#8220;Borusan Otomotiv ile 42 y\u0131la dayanan i\u015f birli\u011fimiz, kar\u015f\u0131l\u0131kl\u0131 g\u00fcven ve ortak vizyon \u00fczerine kurulu g\u00fc\u00e7l\u00fc bir ortakl\u0131k. T\u00fcrkiye, BMW Group i\u00e7in d\u00fcnyan\u0131n en b\u00fcy\u00fck pazarlar\u0131ndan biri ve b\u00f6lgemizde stratejik a\u00e7\u0131dan kilit bir konumda yer al\u0131yor.<\/p>\n\n\n\n<p>T\u00fcrkiye&#8217;nin elektrikli mobilitedeki y\u00fckseli\u015fi, pazardaki d\u00f6n\u00fc\u015f\u00fcm h\u0131z\u0131n\u0131 net bi\u00e7imde ortaya koyuyor. Yeni BMW iX3, T\u00fcrkiye i\u00e7in \u00f6zel olarak geli\u015ftirilen 160 kW&#8217;l\u0131k versiyonuyla bu d\u00f6n\u00fc\u015f\u00fcme g\u00fc\u00e7l\u00fc bir yan\u0131t veriyor. Neue Klasse ile \u015fekillenecek yeni modellerimizle birlikte elektrifikasyon yolculu\u011fumuzu kararl\u0131l\u0131kla s\u00fcrd\u00fcrece\u011fiz.&#8221;<\/p>\n\n\n\n<p><strong>Borusan Oto Genel M\u00fcd\u00fcr\u00fc Simay Alsan<\/strong>&nbsp;ise, &#8220;Borusan Oto Ata\u015fehir ile sadece yeni bir showroom a\u00e7m\u0131yoruz. M\u00fc\u015fteri deneyimini yeniden tan\u0131mlayan bir alan\u0131 hayata ge\u00e7iriyoruz. Otomotiv sekt\u00f6r\u00fcndeki de\u011fi\u015fimi en somut \u015fekilde perakendede g\u00f6r\u00fcyoruz. M\u00fc\u015fterilerimiz art\u0131k &#8216;sat\u0131n alma&#8217;dan fazlas\u0131n\u0131 bekliyor. \u015eeffafl\u0131k, h\u0131z, ki\u015fisel ilgi ve her kanalda ayn\u0131 kaliteyi istiyor. Borusan Oto Ata\u015fehir&#8217;i tam da bu ihtiya\u00e7larla tasarlad\u0131k. Buraya gelen misafirlerimiz; \u00fcr\u00fcn\u00fc daha rahat ke\u015ffedecek, ihtiyac\u0131n\u0131 daha do\u011fru tan\u0131mlayacak ve daha iyi dan\u0131\u015fmanl\u0131k alacak. Biz burada premium hizmet standard\u0131n\u0131 daha da yukar\u0131 ta\u015f\u0131may\u0131 hedefliyoruz&#8221; diye konu\u015ftu.<\/p>\n\n\n\n<p><strong>Sanat, Teknoloji ve Tasar\u0131m Ayn\u0131 \u00c7at\u0131 Alt\u0131nda Bulu\u015ftu<\/strong><\/p>\n\n\n\n<p>Borusan Oto Ata\u015fehir, yaln\u0131zca yeni nesil otomotiv perakendecili\u011finin bir temsilcisi olmakla kalm\u0131yor; sanat ve tasar\u0131m\u0131 da deneyimin ayr\u0131lmaz bir par\u00e7as\u0131 haline getiriyor.<\/p>\n\n\n\n<p>Foto\u011fraf, video, \u0131\u015f\u0131k ve yeni medya gibi lens temelli pratikler oda\u011f\u0131nda T\u00fcrkiye&#8217;nin en b\u00fcy\u00fck kurumsal \u00e7a\u011fda\u015f sanat koleksiyonu olan Borusan \u00c7a\u011fda\u015f Sanat Koleksiyonu se\u00e7kisi, Borusan Oto Ata\u015fehir&#8217;de mek\u00e2n tasar\u0131m\u0131 ve sergilenen otomobillerin rafine esteti\u011fi ile bulu\u015fuyor.<\/p>\n\n\n\n<p>Sol LeWitt&#8217;ten Liam Gillick&#8217;e; Eelco Brand&#8217;den Ola Kolehmanen&#8217;e uzanan k\u00fcrasyon, farkl\u0131 t\u00fcr ve mecralarda \u00fcreten \u00e7a\u011fda\u015f sanat\u00e7\u0131lar\u0131n materyale, renge ve teknolojiye dokunan \u00fcretim pratiklerini bir araya getiriyor. Bu se\u00e7ki, sanat, teknoloji ve tasar\u0131m\u0131n birbirini besleyen dinami\u011fini vurgularken; Borusan Oto Ata\u015fehir&#8217;i yaln\u0131zca bir otomobil showroomu de\u011fil, \u00e7ok katmanl\u0131 bir deneyim alan\u0131na d\u00f6n\u00fc\u015ft\u00fcr\u00fcyor.<\/p>\n\n\n\n<p><strong>BMW&#8217;nin Ses Tasar\u0131mc\u0131s\u0131 ve Borusan \u0130stanbul Filarmoni Orkestras\u0131&#8217;ndan A\u00e7\u0131l\u0131\u015fa \u00d6zel Performans<\/strong><\/p>\n\n\n\n<p>Yeni BMW iX3 i\u00e7in tasarlanan seslerin arkas\u0131nda yer alan isim olan&nbsp;<strong>BMW Group Ses Tasar\u0131m\u0131 Kreatif Direkt\u00f6r\u00fc Renzo Vitale<\/strong>&nbsp;ve Borusan \u0130stanbul Filarmoni Orkestras\u0131, Borusan Oto Ata\u015fehir&#8217;in a\u00e7\u0131l\u0131\u015f\u0131na \u00f6zel canl\u0131 bir performans ger\u00e7ekle\u015ftirdi. Sanat ve teknolojinin kesi\u015fti\u011fi bu \u00f6zel performansta Yeni BMW iX3&#8217;\u00fcn ses d\u00fcnyas\u0131 davetliler taraf\u0131ndan deneyimlendi.<\/p>\n\n\n\n<p>Teknoloji ile insan aras\u0131nda g\u00fc\u00e7l\u00fc ve anlaml\u0131 bir ba\u011f kurmak amac\u0131yla \u00f6zel bir ses skalas\u0131 yaratan BMW Group Ses Tasar\u0131m\u0131 Kreatif Direkt\u00f6r\u00fc Renzo Vitale ve ekibi, insan odakl\u0131 bak\u0131\u015f a\u00e7\u0131s\u0131yla \u015fekillendirdi\u011fi bu \u00f6zel ses d\u00fcnyas\u0131 ile BMW iX3&#8217;e \u00f6zg\u00fcn bir karakter kazand\u0131r\u0131rken s\u00fcr\u00fcc\u00fc ile ara\u00e7 aras\u0131nda g\u00fc\u00e7l\u00fc bir duygusal ba\u011f kurulmas\u0131na katk\u0131 sa\u011fl\u0131yor.<\/p>\n\n\n\n<p><strong>Borusan Oto Ata\u015fehir Hakk\u0131nda<\/strong><\/p>\n\n\n\n<p><strong>Borusan Oto&#8217;nun Retail Next konseptiyle hayata ge\u00e7irilen \u00fc\u00e7\u00fcnc\u00fc showroomu olan Borusan Oto Ata\u015fehir&#8217;in toplam kullan\u0131m alan\u0131 5 bin metrekare olarak tasarland\u0131. Deneyim merkezi olarak \u00f6ne \u00e7\u0131kan Borusan Oto Ata\u015fehir&#8217;in sergileme alan\u0131nda 16 BMW, 6 MINI, 13 BMW Motorrad ve 4 Microlino olmak \u00fczere toplam 39 ara\u00e7 sergileme kapasitesi bulunuyor.<\/strong><strong><\/strong><\/p>\n\n\n\n<p><strong>Yap\u0131n\u0131n \u00e7at\u0131s\u0131nda konumlanan fotovoltaik paneller, g\u00fcn \u0131\u015f\u0131\u011f\u0131nda saatte yakla\u015f\u0131k 18 kW enerji \u00fcreterek Borusan Oto Ata\u015fehir&#8217;in \u00e7evreyle kurdu\u011fu bilin\u00e7li ili\u015fkiyi somutla\u015ft\u0131r\u0131yor. Her bir armat\u00fcr\u00fcn ba\u011f\u0131ms\u0131z olarak kontrol edilebildi\u011fi ak\u0131ll\u0131 ayd\u0131nlatma sistemi sayesinde enerji t\u00fcketimi optimize edilerek mek\u00e2n\u0131n ihtiya\u00e7lar\u0131na g\u00f6re s\u00fcrd\u00fcr\u00fclebilir ve verimli bir kullan\u0131m sa\u011flan\u0131yor. Ayr\u0131ca showroomda kullan\u0131lan seramiklerden hal\u0131lara, tavan malzemelerinden dekoratif ayd\u0131nlatma ve haz\u0131r mobilyalara kadar pek \u00e7ok unsur, s\u00fcrd\u00fcr\u00fclebilirlik sertifikas\u0131na sahip \u00fcr\u00fcnler aras\u0131ndan \u00f6zenle se\u00e7ilerek mek\u00e2n\u0131n \u00e7evresel yakla\u015f\u0131m\u0131n\u0131 b\u00fct\u00fcnc\u00fcl bir tasar\u0131m anlay\u0131\u015f\u0131yla destekliyor.<\/strong><\/p>\n\n\n\n<p><strong>Yeni BMW iX3 Hakk\u0131nda<\/strong><\/p>\n\n\n\n<p><strong>Yeni BMW iX3, BMW&#8217;nin gelecek vizyonunu temsil eden Neue Klasse&#8217;nin ilk temsilcisi olarak \u00f6ne \u00e7\u0131k\u0131yor. Yaz\u0131l\u0131m tabanl\u0131 otomobil yakla\u015f\u0131m\u0131n\u0131n merkezde yer ald\u0131\u011f\u0131 Neue Klasse, BMW&#8217;nin elektrikli mobilite, dijitalle\u015fme ve kullan\u0131c\u0131 deneyimini b\u00fct\u00fcnc\u00fcl bir yap\u0131 alt\u0131nda yeniden tan\u0131mlad\u0131\u011f\u0131 yeni bir d\u00f6nemi simgeliyor.<\/strong><\/p>\n\n\n\n<p><strong>Yeni BMW iX3; tamamen elektrikli altyap\u0131s\u0131, geli\u015fmi\u015f yaz\u0131l\u0131m mimarisi ve ileri seviye s\u00fcr\u00fc\u015f destek sistemleriyle yaln\u0131zca bir otomobil de\u011fil, s\u00fcrekli geli\u015fen bir mobilite platformu olarak konumlan\u0131yor. Dijital mimarinin ara\u00e7 geli\u015ftirme s\u00fcrecinin merkezine al\u0131nd\u0131\u011f\u0131 bu yeni yap\u0131, kullan\u0131c\u0131 aray\u00fczlerinden s\u00fcr\u00fc\u015f dinamiklerine kadar t\u00fcm deneyimi daha sezgisel, ak\u0131c\u0131 ve ki\u015fiselle\u015ftirilebilir hale getiriyor.<\/strong><\/p>\n\n\n\n<p><strong>MINI Cooper Paul Smith Edition Hakk\u0131nda<\/strong><\/p>\n\n\n\n<p>MINI Cooper Paul Smith Edition, otomotiv ve modan\u0131n ikonik d\u00fcnyas\u0131n\u0131 bulu\u015fturan \u00f6zg\u00fcn bir tasar\u0131m manifestosu olarak sahneye \u00e7\u0131k\u0131yor. Paul Smith Edition&#8217;a \u00f6zel olarak geli\u015ftirilen Inspired White g\u00f6vde rengi ve Nottingham Green tavan kombinasyonu yaratt\u0131\u011f\u0131 g\u00fc\u00e7l\u00fc kontrast ile MINI Cooper&#8217;\u0131n \u00f6zg\u00fcn ve ikonik karakterini daha da belirginle\u015ftiriyor. D\u00fcnyaca \u00fcnl\u00fc \u0130ngiliz moda&nbsp;tasar\u0131mc\u0131s\u0131 Paul Smith&#8217;in do\u011fdu\u011fu \u015fehirden ilham alan Nottingham Green rengi, otomobilin \u00fczerinde adeta bir imza gibi dola\u015f\u0131yor.<\/p>\n\n\n\n<p>Borusan Oto Ata\u015fehir a\u00e7\u0131l\u0131\u015f\u0131na \u00f6zel olarak T\u00fcrkiye&#8217;ye getirilen ve sergilenen bu se\u00e7kin model, tasar\u0131m tutkunlar\u0131na ilham veren bir bulu\u015fma noktas\u0131 niteli\u011fi ta\u015f\u0131yor.<\/p>\n\n\n\n<p>Paul Smith Edition MINI Cooper 3 Kap\u0131, MINI Cooper 5 Kap\u0131 ve MINI Cooper S Cabrio modellerinde sunulacak olup, 2026 y\u0131l\u0131n\u0131n ikinci \u00e7eyre\u011finden itibaren \u00fcretimine ba\u015flanmas\u0131 planlanmaktad\u0131r.<\/p>\n","protected":false},"excerpt":{"rendered":"<p>Borusan Otomotiv&#8217;in yeni nesil perakendecilik vizyonunu en g\u00fc\u00e7l\u00fc \u015fekilde yans\u0131tan Borusan Oto Ata\u015fehir, se\u00e7kin bir davetli toplulu\u011funun kat\u0131ld\u0131\u011f\u0131 \u00f6zel bir etkinlikle a\u00e7\u0131ld\u0131. BMW Group&#8217;un geli\u015ftirdi\u011fi yeni nesil sat\u0131\u015f konsepti Retail Next kapsam\u0131nda hayata ge\u00e7irilen Borusan Oto Ata\u015fehir, m\u00fc\u015fteriler ile otomobillerin sahneyi birlikte payla\u015ft\u0131\u011f\u0131, fiziksel ve dijital d\u00fcnyan\u0131n entegre oldu\u011fu &#8220;fijital&#8221; bir deneyim alan\u0131 sunuyor. Ayr\u0131ca&nbsp;BMW tarihindeki en \u00f6nemli d\u00f6n\u00fc\u015f\u00fcm hamlelerinden biri olan Neue Klasse&#8217;nin ilk modeli&nbsp;Yeni BMW iX3 de a\u00e7\u0131l\u0131\u015fa \u00f6zel olarak T\u00fcrkiye&#8217;de ilk kez Borusan Oto Ata\u015fehir&#8217;de sergilendi. Borusan Oto Ata\u015fehir A\u00e7\u0131l\u0131\u015f ve Showroom Foto\u011fraflar\u0131 link Borusan Oto Ata\u015fehir&#8217;in a\u00e7\u0131l\u0131\u015f t\u00f6reninde konu\u015fan&nbsp;Borusan Otomotiv \u0130cra Kurulu Ba\u015fkan\u0131 Hakan Tiftik,&nbsp;otomotiv sekt\u00f6r\u00fcn\u00fcn<\/p>\n","protected":false},"author":3,"featured_media":8261,"comment_status":"closed","ping_status":"closed","sticky":false,"template":"","format":"standard","meta":{"footnotes":""},"categories":[2],"tags":[],"class_list":["post-8260","post","type-post","status-publish","format-standard","has-post-thumbnail","hentry","category-donanim"],"_links":{"self":[{"href":"https:\/\/www.teknolojidergisi.net\/index.php?rest_route=\/wp\/v2\/posts\/8260"}],"collection":[{"href":"https:\/\/www.teknolojidergisi.net\/index.php?rest_route=\/wp\/v2\/posts"}],"about":[{"href":"https:\/\/www.teknolojidergisi.net\/index.php?rest_route=\/wp\/v2\/types\/post"}],"author":[{"embeddable":true,"href":"https:\/\/www.teknolojidergisi.net\/index.php?rest_route=\/wp\/v2\/users\/3"}],"replies":[{"embeddable":true,"href":"https:\/\/www.teknolojidergisi.net\/index.php?rest_route=%2Fwp%2Fv2%2Fcomments&post=8260"}],"version-history":[{"count":1,"href":"https:\/\/www.teknolojidergisi.net\/index.php?rest_route=\/wp\/v2\/posts\/8260\/revisions"}],"predecessor-version":[{"id":8262,"href":"https:\/\/www.teknolojidergisi.net\/index.php?rest_route=\/wp\/v2\/posts\/8260\/revisions\/8262"}],"wp:featuredmedia":[{"embeddable":true,"href":"https:\/\/www.teknolojidergisi.net\/index.php?rest_route=\/wp\/v2\/media\/8261"}],"wp:attachment":[{"href":"https:\/\/www.teknolojidergisi.net\/index.php?rest_route=%2Fwp%2Fv2%2Fmedia&parent=8260"}],"wp:term":[{"taxonomy":"category","embeddable":true,"href":"https:\/\/www.teknolojidergisi.net\/index.php?rest_route=%2Fwp%2Fv2%2Fcategories&post=8260"},{"taxonomy":"post_tag","embeddable":true,"href":"https:\/\/www.teknolojidergisi.net\/index.php?rest_route=%2Fwp%2Fv2%2Ftags&post=8260"}],"curies":[{"name":"wp","href":"https:\/\/api.w.org\/{rel}","templated":true}]}}