{"id":8263,"date":"2026-02-15T15:15:07","date_gmt":"2026-02-15T12:15:07","guid":{"rendered":"https:\/\/www.teknolojidergisi.net\/?p=8263"},"modified":"2026-02-15T15:15:08","modified_gmt":"2026-02-15T12:15:08","slug":"isikla-yon-veren-bir-deneyim-yeni-q3-aydinlatma-teknolojisi","status":"publish","type":"post","link":"https:\/\/www.teknolojidergisi.net\/?p=8263","title":{"rendered":"I\u015f\u0131kla Y\u00f6n Veren Bir Deneyim: Yeni Q3 Ayd\u0131nlatma Teknolojisi"},"content":{"rendered":"\n<p><strong>Yeni Audi Q3, dijital ayd\u0131nlatma teknolojilerini kompakt segmente ilk kez ta\u015f\u0131yarak \u0131\u015f\u0131\u011f\u0131; y\u00f6nlendiren, bilgilendiren ve g\u00fcvenli\u011fi art\u0131ran ak\u0131ll\u0131 bir sistem haline getiriyor. Mikro LED tabanl\u0131 Dijital Matrix LED farlar ve Dijital OLED arka farlar, Audi\u2019nin ilerleme anlay\u0131\u015f\u0131n\u0131 her yolculukta g\u00f6r\u00fcn\u00fcr k\u0131l\u0131yor.<\/strong><\/p>\n\n\n\n<p>Audi i\u00e7in ayd\u0131nlatma, yaln\u0131zca yolu ayd\u0131nlatmak de\u011fil; s\u00fcr\u00fc\u015f\u00fc daha g\u00fcvenli, daha sezgisel ve daha kontroll\u00fc hale getirmektir. Yeni Audi Q3\u2019te kullan\u0131lan dijital ayd\u0131nlatma teknolojileri, \u0131\u015f\u0131\u011f\u0131 s\u00fcr\u00fcc\u00fc asistan sistemleriyle entegre \u00e7al\u0131\u015fan aktif bir bile\u015fene d\u00f6n\u00fc\u015ft\u00fcr\u00fcyor. Y\u00fcksek \u00e7\u00f6z\u00fcn\u00fcrl\u00fckl\u00fc mikro LED teknolojisi ve se\u00e7ilebilir dijital \u0131\u015f\u0131k imzalar\u0131yla Audi Q3, kompakt segmentte \u0131\u015f\u0131\u011f\u0131n nas\u0131l yeniden tan\u0131mlanabilece\u011fini ortaya koyuyor.<\/p>\n\n\n\n<p><strong>Audi\u2019nin kompakt segmentinde ilk kez<\/strong><\/p>\n\n\n\n<p>Yeni Audi Q3, Audi\u2019nin dijital ayd\u0131nlatma teknolojilerini kompakt segmente ilk kez ta\u015f\u0131yor. Modelde kullan\u0131lan&nbsp;<strong>Dijital Matrix LED \u00f6n farlar<\/strong>&nbsp;ve&nbsp;<strong>Dijital OLED arka farlar<\/strong>, \u0131\u015f\u0131\u011f\u0131 yaln\u0131zca bir ayd\u0131nlatma unsuru olarak de\u011fil, s\u00fcr\u00fc\u015f\u00fc aktif bi\u00e7imde destekleyen ak\u0131ll\u0131 bir sistem olarak konumland\u0131r\u0131yor. Donan\u0131m ve yaz\u0131l\u0131m\u0131n b\u00fct\u00fcnc\u00fcl entegrasyonu sayesinde ayd\u0131nlatma, \u00e7evresel ko\u015fullara ve s\u00fcr\u00fc\u015f durumuna s\u00fcrekli uyum sa\u011fl\u0131yor.<\/p>\n\n\n\n<p><strong>Ki\u015fiselle\u015ftirilebilir g\u00fcnd\u00fcz farlar\u0131<\/strong><\/p>\n\n\n\n<p>Audi Q3\u2019\u00fcn \u00f6n ayd\u0131nlatma mimarisi, her bir farda ba\u011f\u0131ms\u0131z olarak kontrol edilebilen&nbsp;<strong>23 LED segmentten<\/strong>&nbsp;olu\u015fuyor. Bu yap\u0131 sayesinde s\u00fcr\u00fcc\u00fcler, MMI \u00fczerinden&nbsp;<strong>d\u00f6rt farkl\u0131 dijital g\u00fcnd\u00fcz far\u0131 imzas\u0131<\/strong>&nbsp;aras\u0131ndan se\u00e7im yapabiliyor. Segment bazl\u0131 kontrol, \u0131\u015f\u0131k da\u011f\u0131l\u0131m\u0131nda homojenli\u011fi korurken, Audi\u2019nin marka kimli\u011fini yans\u0131tan karakteristik \u0131\u015f\u0131k imzalar\u0131n\u0131n hassas bi\u00e7imde olu\u015fturulmas\u0131n\u0131 sa\u011fl\u0131yor.<\/p>\n\n\n\n<p><strong>Dijital OLED arka lambalarda se\u00e7ilebilir arka far tasar\u0131m\u0131<\/strong><\/p>\n\n\n\n<p>Arka ayd\u0131nlatmada kullan\u0131lan&nbsp;<strong>dijital OLED teknolojisi<\/strong>, homojen \u0131\u015f\u0131k da\u011f\u0131l\u0131m\u0131 ve y\u00fcksek kontrast seviyesiyle tan\u0131mlan\u0131yor.&nbsp;<strong>Alt\u0131 ayr\u0131 OLED panel<\/strong>, homojen \u0131\u015f\u0131k yay\u0131l\u0131m\u0131 ve y\u00fcksek kontrast avantaj\u0131 sunarak, \u00f6zellikle gece s\u00fcr\u00fc\u015flerinde daha net alg\u0131lanabilir bir arka g\u00f6r\u00fcn\u00fcm sa\u011fl\u0131yor. Ayd\u0131nlatmal\u0131 Audi halkalar\u0131 ve LED \u0131\u015f\u0131k \u015feridiyle birlikte \u00e7al\u0131\u015fan sistem, farkl\u0131 dijital arka far imzalar\u0131n\u0131n se\u00e7ilmesine olanak tan\u0131yor.<\/p>\n\n\n\n<p><strong>Etkileyici \u0131\u015f\u0131k projeksiyonlar\u0131<\/strong><\/p>\n\n\n\n<p>Dijital Matrix LED farlar, araca binildi\u011fi anda devreye girerek&nbsp;<strong>\u00fc\u00e7 farkl\u0131 geli\u015fmi\u015f dinamik ayd\u0131nlatma senaryosu<\/strong>&nbsp;sunuyor. Bu projeksiyonlar, mikro LED \u0131\u015f\u0131k kaynaklar\u0131n\u0131n hassas kontrol\u00fc sayesinde yola ve \u00e7evreye net \u0131\u015f\u0131k desenleri yans\u0131tarak s\u00fcr\u00fc\u015f \u00f6ncesinde hem fonksiyonel hem de g\u00f6rsel bir kar\u015f\u0131lama deneyimi yarat\u0131yor.<\/p>\n\n\n\n<p><strong>Yenilik\u00e7i mikro LED teknolojisi<\/strong><\/p>\n\n\n\n<p>Audi Q3\u2019te ilk kez kullan\u0131lan mikro LED mod\u00fcl\u00fc, yakla\u015f\u0131k&nbsp;<strong>13 milimetre geni\u015fli\u011finde<\/strong>&nbsp;bir \u00e7ip \u00fczerinde konumland\u0131r\u0131lm\u0131\u015f&nbsp;<strong>25.600 adet mikro LED pikselden<\/strong>&nbsp;olu\u015fuyor. Her bir mikro LED yakla\u015f\u0131k&nbsp;<strong>40 mikrometre<\/strong>&nbsp;boyutunda olup, bir insan sa\u00e7\u0131n\u0131n yar\u0131s\u0131 kal\u0131nl\u0131\u011f\u0131nda. Bu piksellerin her biri ayr\u0131 ayr\u0131 kontrol edilebildi\u011fi i\u00e7in \u0131\u015f\u0131k, son derece y\u00fcksek \u00e7\u00f6z\u00fcn\u00fcrl\u00fckle y\u00f6nlendirilebiliyor ve adeta bir video projeksiyonu hassasiyetinde \u00e7al\u0131\u015f\u0131yor.<\/p>\n\n\n\n<p><strong>Geni\u015f kapsaml\u0131 ayd\u0131nlatma i\u015flevleri<\/strong><\/p>\n\n\n\n<p>Mikro LED mod\u00fcl\u00fc;&nbsp;<strong>projeksiyon merce\u011fi, mikro LED \u00e7ipi ve entegre so\u011futucu<\/strong>&nbsp;bile\u015fenlerinden olu\u015fan kompakt bir yap\u0131 sunuyor. Sistem, kameralar ve sens\u00f6rlerden gelen verilerle birlikte \u00e7al\u0131\u015farak ak\u0131ll\u0131 \u0131\u015f\u0131k asistan\u0131 i\u015flevi g\u00f6r\u00fcyor. \u00d6n\u00fcndeki ve kar\u015f\u0131dan gelen ara\u00e7lar\u0131 alg\u0131layarak parlamay\u0131 \u00f6nleyen bu yap\u0131, s\u00fcr\u00fcc\u00fcn\u00fcn s\u00fcrekli uzun far kullanmas\u0131na olanak tan\u0131yor.<\/p>\n\n\n\n<p><strong>Art\u0131r\u0131lm\u0131\u015f yol g\u00fcvenli\u011fi<\/strong><\/p>\n\n\n\n<p>Y\u00fcksek \u00e7\u00f6z\u00fcn\u00fcrl\u00fckl\u00fc ve kontrast\u0131 art\u0131r\u0131lm\u0131\u015f \u0131\u015f\u0131k projeksiyonu, yol y\u00fczeyindeki \u00e7izgilerin, kenarlar\u0131n ve nesnelerin daha net alg\u0131lanmas\u0131n\u0131 sa\u011fl\u0131yor. Mikro LED teknolojisinin sundu\u011fu&nbsp;<strong>y\u00fcksek kontrast ve hassas \u0131\u015f\u0131k da\u011f\u0131l\u0131m\u0131<\/strong>, ya\u011fmur, sis ve kar gibi zorlu hava ko\u015fullar\u0131nda g\u00f6r\u00fc\u015f kalitesini belirgin \u015fekilde art\u0131r\u0131yor ve s\u00fcr\u00fc\u015f g\u00fcvenli\u011fini destekliyor.<\/p>\n\n\n\n<p><strong>Geli\u015fmi\u015f trafik bilgisi<\/strong><\/p>\n\n\n\n<p>D\u0131\u015f s\u0131cakl\u0131k&nbsp;<strong>4 derecenin alt\u0131na d\u00fc\u015ft\u00fc\u011f\u00fcnde<\/strong>, sistem buzlanma riskini alg\u0131layarak bir&nbsp;<strong>kar tanesi sembol\u00fcn\u00fc do\u011frudan yol y\u00fczeyine projeksiyon olarak yans\u0131t\u0131yor<\/strong>. Bu bilgi, g\u00f6sterge paneliyle e\u015f zamanl\u0131 \u00e7al\u0131\u015farak s\u00fcr\u00fcc\u00fcn\u00fcn dikkatini yoldan ay\u0131rmadan kritik uyar\u0131lar\u0131 alg\u0131lamas\u0131n\u0131 sa\u011fl\u0131yor.<\/p>\n\n\n\n<p><strong>I\u015f\u0131k projeksiyonlu \u015ferit de\u011fi\u015ftirme asistan\u0131<\/strong><\/p>\n\n\n\n<p>\u015eerit de\u011fi\u015ftirme s\u0131ras\u0131nda, &nbsp;s\u00fcr\u00fcc\u00fc asistan sistemleri taraf\u0131ndan alg\u0131lanan arkadan gelen trafik durumu, dijital Matrix LED farlara entegre \u015fekilde yans\u0131t\u0131l\u0131yor. Yan aynadaki uyar\u0131larla e\u015f zamanl\u0131 olarak, \u015ferit \u0131\u015f\u0131\u011f\u0131 dinamik bi\u00e7imde ayarlan\u0131yor ve potansiyel tehlike durumunda \u015ferit de\u011fi\u015fimi g\u00f6rsel olarak engelleniyor.<\/p>\n\n\n\n<p><strong>\u015eerit \u0131\u015f\u0131\u011f\u0131nda sinyal g\u00f6stergesi<\/strong><\/p>\n\n\n\n<p>Aktif sinyal verildi\u011finde, ilgili y\u00f6ndeki&nbsp;<strong>\u015ferit kenar\u0131nda \u0131\u015f\u0131k projeksiyonu<\/strong>&nbsp;olu\u015fturuluyor. Bu \u0131\u015f\u0131k, sinyalin dinami\u011fini yol y\u00fczeyine yans\u0131tarak di\u011fer yol kullan\u0131c\u0131lar\u0131na s\u00fcr\u00fcc\u00fcn\u00fcn niyetini erken a\u015famada ve net bi\u00e7imde iletiyor.<\/p>\n\n\n\n<p><strong>I\u015f\u0131k projeksiyonlu \u015feritten ayr\u0131lma uyar\u0131s\u0131<\/strong><\/p>\n\n\n\n<p>Ara\u00e7, \u015ferit \u00e7izgisini istem d\u0131\u015f\u0131 a\u015ft\u0131\u011f\u0131nda, mikro LED farlar arac\u0131l\u0131\u011f\u0131yla&nbsp;<strong>\u015feridin i\u00e7ine do\u011fru y\u00f6nlendiren bir \u0131\u015f\u0131k sembol\u00fc<\/strong>&nbsp;yola projeksiyon olarak yans\u0131t\u0131l\u0131yor. Bu g\u00f6rsel y\u00f6nlendirme, s\u00fcr\u00fcc\u00fcn\u00fcn direksiyon m\u00fcdahalesini destekleyerek s\u00fcr\u00fc\u015f g\u00fcvenli\u011fini art\u0131r\u0131yor.<\/p>\n\n\n\n<p><strong>Geli\u015fmi\u015f dinamik ayd\u0131nlatma senaryosu<\/strong><\/p>\n\n\n\n<p>Ara\u00e7tan ayr\u0131l\u0131rken devreye giren&nbsp;<strong>\u201ceve geli\u015f \/ evden ayr\u0131l\u0131\u015f\u201d<\/strong>&nbsp;\u0131\u015f\u0131k senaryolar\u0131, mikro LED ve dijital OLED teknolojilerinin koordineli \u00e7al\u0131\u015fmas\u0131yla etkileyici bir \u0131\u015f\u0131k koreografisi sunuyor. Bu senaryolar, Audi Q3\u2019\u00fcn ayd\u0131nlatma teknolojisinin yaln\u0131zca s\u00fcr\u00fc\u015f s\u0131ras\u0131nda de\u011fil, ara\u00e7la kurulan genel deneyimin her an\u0131nda aktif oldu\u011funu g\u00f6steriyor.<\/p>\n","protected":false},"excerpt":{"rendered":"<p>Yeni Audi Q3, dijital ayd\u0131nlatma teknolojilerini kompakt segmente ilk kez ta\u015f\u0131yarak \u0131\u015f\u0131\u011f\u0131; y\u00f6nlendiren, bilgilendiren ve g\u00fcvenli\u011fi art\u0131ran ak\u0131ll\u0131 bir sistem haline getiriyor. Mikro LED tabanl\u0131 Dijital Matrix LED farlar ve Dijital OLED arka farlar, Audi\u2019nin ilerleme anlay\u0131\u015f\u0131n\u0131 her yolculukta g\u00f6r\u00fcn\u00fcr k\u0131l\u0131yor. Audi i\u00e7in ayd\u0131nlatma, yaln\u0131zca yolu ayd\u0131nlatmak de\u011fil; s\u00fcr\u00fc\u015f\u00fc daha g\u00fcvenli, daha sezgisel ve daha kontroll\u00fc hale getirmektir. Yeni Audi Q3\u2019te kullan\u0131lan dijital ayd\u0131nlatma teknolojileri, \u0131\u015f\u0131\u011f\u0131 s\u00fcr\u00fcc\u00fc asistan sistemleriyle entegre \u00e7al\u0131\u015fan aktif bir bile\u015fene d\u00f6n\u00fc\u015ft\u00fcr\u00fcyor. Y\u00fcksek \u00e7\u00f6z\u00fcn\u00fcrl\u00fckl\u00fc mikro LED teknolojisi ve se\u00e7ilebilir dijital \u0131\u015f\u0131k imzalar\u0131yla Audi Q3, kompakt segmentte \u0131\u015f\u0131\u011f\u0131n nas\u0131l yeniden tan\u0131mlanabilece\u011fini ortaya koyuyor. Audi\u2019nin kompakt segmentinde ilk kez<\/p>\n","protected":false},"author":3,"featured_media":8018,"comment_status":"closed","ping_status":"closed","sticky":false,"template":"","format":"standard","meta":{"footnotes":""},"categories":[2],"tags":[],"class_list":["post-8263","post","type-post","status-publish","format-standard","has-post-thumbnail","hentry","category-donanim"],"_links":{"self":[{"href":"https:\/\/www.teknolojidergisi.net\/index.php?rest_route=\/wp\/v2\/posts\/8263"}],"collection":[{"href":"https:\/\/www.teknolojidergisi.net\/index.php?rest_route=\/wp\/v2\/posts"}],"about":[{"href":"https:\/\/www.teknolojidergisi.net\/index.php?rest_route=\/wp\/v2\/types\/post"}],"author":[{"embeddable":true,"href":"https:\/\/www.teknolojidergisi.net\/index.php?rest_route=\/wp\/v2\/users\/3"}],"replies":[{"embeddable":true,"href":"https:\/\/www.teknolojidergisi.net\/index.php?rest_route=%2Fwp%2Fv2%2Fcomments&post=8263"}],"version-history":[{"count":1,"href":"https:\/\/www.teknolojidergisi.net\/index.php?rest_route=\/wp\/v2\/posts\/8263\/revisions"}],"predecessor-version":[{"id":8264,"href":"https:\/\/www.teknolojidergisi.net\/index.php?rest_route=\/wp\/v2\/posts\/8263\/revisions\/8264"}],"wp:featuredmedia":[{"embeddable":true,"href":"https:\/\/www.teknolojidergisi.net\/index.php?rest_route=\/wp\/v2\/media\/8018"}],"wp:attachment":[{"href":"https:\/\/www.teknolojidergisi.net\/index.php?rest_route=%2Fwp%2Fv2%2Fmedia&parent=8263"}],"wp:term":[{"taxonomy":"category","embeddable":true,"href":"https:\/\/www.teknolojidergisi.net\/index.php?rest_route=%2Fwp%2Fv2%2Fcategories&post=8263"},{"taxonomy":"post_tag","embeddable":true,"href":"https:\/\/www.teknolojidergisi.net\/index.php?rest_route=%2Fwp%2Fv2%2Ftags&post=8263"}],"curies":[{"name":"wp","href":"https:\/\/api.w.org\/{rel}","templated":true}]}}