{"id":8268,"date":"2026-02-16T16:19:29","date_gmt":"2026-02-16T13:19:29","guid":{"rendered":"https:\/\/www.teknolojidergisi.net\/?p=8268"},"modified":"2026-02-16T16:19:29","modified_gmt":"2026-02-16T13:19:29","slug":"yeni-bmw-ix3-50-xdrive-turkiyede-on-talebe-acildi","status":"publish","type":"post","link":"https:\/\/www.teknolojidergisi.net\/?p=8268","title":{"rendered":"Yeni BMW iX3 50 xDrive T\u00fcrkiye\u2019de \u00d6n Talebe A\u00e7\u0131ld\u0131"},"content":{"rendered":"\n<p><strong>Borusan Otomotiv&#8217;in T\u00fcrkiye distrib\u00fct\u00f6rl\u00fc\u011f\u00fcn\u00fc \u00fcstlendi\u011fi BMW\u2019nin gelecek vizyonunu somutla\u015ft\u0131ran Neue Klasse mimarisinin ilk seri \u00fcretim temsilcisi olan Yeni BMW iX3, T\u00fcrkiye yollar\u0131na \u00e7\u0131kmaya haz\u0131rlan\u0131yor. \u00d6n talep s\u00fcreci 16 \u015eubat\u2019ta a\u00e7\u0131lan ve M Sport tasar\u0131m paketiyle sunulan Yeni BMW iX3 50 xDrive\u2019\u0131n T\u00fcrkiye sat\u0131\u015f fiyat\u0131 6.469.600 TL\u2019den ba\u015fl\u0131yor.<\/strong><\/p>\n\n\n\n<p>Y\u00fcksek verimlilik, uzun menzil, ileri seviye dijitalle\u015fme ve s\u00fcrd\u00fcr\u00fclebilirlik oda\u011f\u0131n\u0131 bir araya getiren Yeni BMW iX3 50 xDrive i\u00e7in \u00f6n talepler, BMW\u2019nin dijital platformu BMW\u2019ni Bul \u00fczerinden al\u0131n\u0131yor. M\u00fc\u015fteriler, \u00f6n talep s\u00fcrecinde tercih ettikleri renk, jant ve d\u00f6\u015feme se\u00e7eneklerini belirleyebiliyor ve otomobili sat\u0131n almak istedikleri Borusan Otomotiv BMW Yetkili Sat\u0131c\u0131s\u0131\u2019n\u0131 se\u00e7ebiliyor.&nbsp;<\/p>\n\n\n\n<p>Borusan Otomotiv&#8217;in T\u00fcrkiye distrib\u00fct\u00f6rl\u00fc\u011f\u00fcn\u00fc \u00fcstlendi\u011fi<strong>&nbsp;<\/strong>BMW\u2019nin yeni nesil \u00fcr\u00fcn stratejisinin temelini olu\u015fturan Neue Klasse, yaln\u0131zca bir ara\u00e7 platformu de\u011fil; yaz\u0131l\u0131m, donan\u0131m ve kullan\u0131c\u0131 deneyimini ba\u015ftan sona yeniden tan\u0131mlayan b\u00fct\u00fcnc\u00fcl bir teknoloji ekosistemi olarak \u00f6ne \u00e7\u0131k\u0131yor. \u00d6n talep s\u00fcreci ba\u015flayan Yeni BMW iX3 50 xDrive modeline ait ilk teslimatlar\u0131n May\u0131s ay\u0131nda ger\u00e7ekle\u015ftirilmesi planlan\u0131yor.<\/p>\n\n\n\n<p>Alt\u0131nc\u0131 nesil BMW eDrive teknolojisiyle donat\u0131lan Yeni BMW iX3 50 xDrive, 160 kW (218 beygir) g\u00fc\u00e7 ve 610 Nm tork \u00fcreten elektrikli motoruyla g\u00fc\u00e7l\u00fc ve ak\u0131c\u0131 bir s\u00fcr\u00fc\u015f deneyimi sunuyor. T\u00fcrkiye\u2019ye \u00f6zg\u00fc motor se\u00e7ene\u011fi olan 160 kW motor g\u00fcc\u00fc ile sunulan Yeni BMW iX3 50 xDrive, ayn\u0131 zamanda d\u00f6rt tekerlekten \u00e7eki\u015f sa\u011flayan \u00fcst\u00fcn xDrive s\u00fcr\u00fc\u015f mimarisini de beraberinde sunuyor. B\u00f6ylelikle ilk defa&nbsp;<strong>160 kW<\/strong>&nbsp;motor se\u00e7ene\u011fi ve&nbsp;<strong>xDrive s\u00fcr\u00fc\u015f mimarisi<\/strong>&nbsp;bir modelde&nbsp;<strong>birlikte<\/strong>&nbsp;sunuluyor.&nbsp;<\/p>\n\n\n\n<p><strong>108,7 kWh<\/strong>&nbsp;kapasiteli bataryas\u0131yla&nbsp;<strong>805 kilometreye kadar (WLTP) menzil<\/strong>&nbsp;sa\u011flayan model,&nbsp;<strong>22 kW AC<\/strong>&nbsp;ve&nbsp;<strong>400 kW DC<\/strong>&nbsp;\u015farj kapasitesiyle \u015farj s\u00fcre\u00e7lerinde de y\u00fcksek verimlilik vadediyor. 400 kW ultra h\u0131zl\u0131 \u015farj altyap\u0131s\u0131 sayesinde yaln\u0131zca&nbsp;<strong>10 dakikal\u0131k \u015farjla 372 kilometreye<\/strong>&nbsp;kadar menzil kazand\u0131rabilen Yeni BMW iX3, uzun yol kullan\u0131m\u0131nda da elektrikli s\u00fcr\u00fc\u015f\u00fc son derece pratik hale getiriyor.&nbsp;<strong>\u00c7ift y\u00f6nl\u00fc \u015farj (V2L)<\/strong>&nbsp;\u00f6zelli\u011fi ise arac\u0131 mobil bir g\u00fc\u00e7 kayna\u011f\u0131na d\u00f6n\u00fc\u015ft\u00fcrerek harici cihazlara enerji sa\u011fl\u0131yor.<\/p>\n\n\n\n<p><strong>Neue Klasse\u2019nin Ge\u00e7mi\u015ften Gelece\u011fe Uzanan Yol Haritas\u0131<\/strong><\/p>\n\n\n\n<p>BMW tarihinde \u201cNeue Klasse\u201d kavram\u0131, yaln\u0131zca yeni bir model ailesini de\u011fil, markan\u0131n kaderini de\u011fi\u015ftiren bir vizyonu temsil ediyor. Almanca\u2019da \u201cYeni S\u0131n\u0131f\u201d anlam\u0131na gelen Neue Klasse, ilk kez 1960\u2019l\u0131 y\u0131llar\u0131n ba\u015f\u0131nda BMW\u2019nin finansal olarak zor bir d\u00f6nemden ge\u00e7ti\u011fi s\u00fcre\u00e7te ortaya \u00e7\u0131kt\u0131. O y\u0131llarda BMW, bir yanda d\u00fc\u015f\u00fck hacimli l\u00fcks otomobiller, di\u011fer yanda mikro ara\u00e7larla s\u0131k\u0131\u015fm\u0131\u015f bir \u00fcr\u00fcn gam\u0131na sahipti. Bu \u00e7\u0131kmaz\u0131 a\u015fan hamle, BMW 1500 ile ba\u015flayan ve k\u0131sa s\u00fcrede 1600, 1800, 2000 ve efsanevi 2002 gibi modellerle geni\u015fleyen Neue Klasse ailesi oldu. Bu otomobiller; sportif s\u00fcr\u00fc\u015f karakteri, g\u00fcnl\u00fck kullan\u0131ma uygun yap\u0131s\u0131 ve premium duru\u015fuyla BMW\u2019nin kimli\u011fini yeniden tan\u0131mlad\u0131 ve bug\u00fcnk\u00fc 3 Serisi gelene\u011finin temelini att\u0131.&nbsp;<\/p>\n\n\n\n<p>Aradan ge\u00e7en onlarca y\u0131l\u0131n ard\u0131ndan BMW, otomotiv end\u00fcstrisinin bu kez elektrifikasyon, yaz\u0131l\u0131m ve dijitalle\u015fme ekseninde benzer \u00f6l\u00e7ekte bir d\u00f6n\u00fc\u015f\u00fcm ya\u015fad\u0131\u011f\u0131 bir d\u00f6nemde, Neue Klasse\u2019yi yeniden sahneye ta\u015f\u0131yor.&nbsp;<\/p>\n\n\n\n<p>Bu yeni d\u00f6nemde Neue Klasse, belirli bir g\u00f6vde tipinden ziyade; s\u0131f\u0131rdan geli\u015ftirilmi\u015f elektrikli ara\u00e7 mimarisi, yeni nesil batarya ve elektronik sistemler ile tamamen yeniden kurgulanm\u0131\u015f bir kullan\u0131c\u0131 deneyimini ifade ediyor. Bu vizyonun ilk seri \u00fcretim temsilcisi ise Yeni BMW iX3.&nbsp;<\/p>\n\n\n\n<p>Yeni BMW iX3, mevcut modellerin elektrikli bir t\u00fcrevi de\u011fil; i\u00e7ten yanmal\u0131 ge\u00e7mi\u015ften ba\u011f\u0131ms\u0131z olarak geli\u015ftirilen, Neue Klasse platformu \u00fczerine in\u015fa edilmi\u015f ilk model olarak konumlan\u0131yor. T\u0131pk\u0131 1960\u2019larda oldu\u011fu gibi, BMW iX3 de markan\u0131n yeni bir d\u00f6neme ge\u00e7i\u015fini simgeleyen anahtar rol \u00fcstlenerek BMW\u2019nin gelecekteki t\u00fcm elektrikli modellerinin hangi temel de\u011ferler \u00fczerine in\u015fa edilece\u011fini net bi\u00e7imde ortaya koyuyor.<\/p>\n\n\n\n<p><strong>Dijitalle\u015fmede Yeni Standart: BMW Panoramic iDrive<\/strong><\/p>\n\n\n\n<p><strong>BMW Panoramic iDrive<\/strong>, dijital i\u015flevler ile fiziksel kontroller aras\u0131ndaki kusursuz uyumuyla, BMW\u2019nin ikonik \u201c<strong>eller direksiyonda, g\u00f6zler yolda<\/strong>\u201d felsefesini daha da ileriye ta\u015f\u0131yor. Kabinde \u00e7e\u015fitli fiziksel d\u00fc\u011fmeler korunurken, \u00e7ok say\u0131da fonksiyon dokunmatik ekran, sesli komutlar ve \u00e7ok i\u015flevli direksiyon \u00fczerinden optimize edilerek maksimum verimlilik sunuyor.<\/p>\n\n\n\n<p>BMW Panoramic iDrive, d\u00f6rt temel bile\u015fenin e\u015fsiz birle\u015fimiyle \u00f6ne \u00e7\u0131kan bir g\u00f6r\u00fcnt\u00fcleme ve kontrol deneyimi sunuyor. A s\u00fctunundan A s\u00fctununa uzanan&nbsp;<strong>BMW Panoramic Vision<\/strong>, temel s\u00fcr\u00fc\u015f bilgilerini s\u00fcr\u00fcc\u00fcn\u00fcn g\u00f6r\u00fc\u015f alan\u0131na yans\u0131tarak ki\u015fiselle\u015ftirilebilir i\u00e7eriklerle tamamlan\u0131yor. \u00dcstte yer alan BMW 3D Head-Up Display, entegre navigasyon ve otonom s\u00fcr\u00fc\u015f verilerini mek\u00e2nsal derinlik ile sunarken, serbest kesim tasar\u0131ml\u0131 Merkezi Ekran matris arka ayd\u0131nlatma teknolojisiyle direksiyonun yan\u0131na ergonomik bir \u015fekilde konumland\u0131r\u0131l\u0131yor. S\u00fcr\u00fcc\u00fc taraf\u0131nda dikey yerle\u015fimli widget\u2019lar, QuickSelect teknolojisiyle s\u0131k kullan\u0131lan i\u015flevlere an\u0131nda eri\u015fim sa\u011fl\u0131yor. Yeni \u00e7ok i\u015flevli direksiyon ise kabartmal\u0131 y\u00fczeyi, dokunsal geri bildirim sunan d\u00fc\u011fme panelleri ve zarif ayd\u0131nlatma detaylar\u0131yla s\u00fcr\u00fcc\u00fc ile otomobil aras\u0131nda sezgisel bir ba\u011f kuruyor.<\/p>\n\n\n\n<p>BMW Panoramic iDrive\u2019\u0131n \u00e7ekirde\u011finde, yenilik\u00e7i&nbsp;<strong>BMW \u0130\u015fletim Sistemi X<\/strong>&nbsp;bulunuyor. Bu sistem, BMW ID ile geni\u015f ki\u015fiselle\u015ftirme se\u00e7enekleri, ak\u0131ll\u0131 s\u00fcr\u00fcc\u00fc destek sistemleri, \u00e7ok y\u00f6nl\u00fc dijital i\u015flevler, My BMW App \u00fczerinden kapsaml\u0131 ba\u011flant\u0131 \u00f6zellikleri ve BMW Remote Software Update ile s\u00fcrekli g\u00fcncellenen g\u00fc\u00e7l\u00fc bir dijital altyap\u0131 sunuyor.<\/p>\n\n\n\n<p><strong>Sade, Teknolojik ve Zamans\u0131z Tasar\u0131m&nbsp;<\/strong><\/p>\n\n\n\n<p>Yeni BMW iX3 tasar\u0131m taraf\u0131nda Neue Klasse felsefesine uygun olarak sade, teknolojik ve zamans\u0131z bir duru\u015f sergiliyor. Elektrikli mimarinin sa\u011flad\u0131\u011f\u0131 \u00f6zg\u00fcrl\u00fck sayesinde temiz y\u00fczeyler, ak\u0131c\u0131 ge\u00e7i\u015fler ve dengeli oranlar \u00f6n plana \u00e7\u0131karken; ayd\u0131nlatmal\u0131, g\u00f6vdeyle b\u00fct\u00fcnle\u015fik b\u00f6brek \u0131zgara ve ince, yatay adaptif LED farlar BMW kimli\u011fini modern bir yorumla yans\u0131t\u0131yor. Yan profilde g\u00f6vdeyle entegre kap\u0131 kollar\u0131 aerodinamik verimlili\u011fi desteklerken, arka b\u00f6l\u00fcmde L formlu farlar ve g\u00f6vde rengi dif\u00fcz\u00f6r tasar\u0131m\u0131 sportif ama rafine bir karakter yarat\u0131yor. \u0130\u00e7 mek\u00e2nda ise serbest-kesim tasar\u0131ml\u0131 merkezi ekran, Shy-Tech kontrollere sahip yeni direksiyon mimarisi, sade kokpit d\u00fczeni ve y\u00fcksek kaliteli malzeme kullan\u0131m\u0131; Neue Klasse\u2019nin minimalizm ve s\u00fcr\u00fcc\u00fc odakl\u0131l\u0131k anlay\u0131\u015f\u0131n\u0131 g\u00fcnl\u00fck hayata ta\u015f\u0131yor.<\/p>\n\n\n\n<p><strong>iX3 ile S\u00fcr\u00fc\u015f\u00fcn Yeni Tan\u0131m\u0131: Sezgisel S\u00fcr\u00fc\u015f Deneyimi, Yapay Zek\u00e2 ve Heart of Joy<\/strong><\/p>\n\n\n\n<p>Yeni BMW iX3, Neue Klasse vizyonunun s\u00fcr\u00fc\u015f deneyimine yans\u0131yan en g\u00fc\u00e7l\u00fc ifadesini;&nbsp;<strong>Heart of Joy&nbsp;<\/strong>kontrol mimarisi ve&nbsp;<strong>yapay zek\u00e2 destekli sezgisel s\u00fcr\u00fc\u015f<\/strong>&nbsp;yakla\u015f\u0131m\u0131yla ortaya koyuyor. BMW, elektrikli \u00e7a\u011fda \u201cFreude am Fahren\u201d kavram\u0131n\u0131 koruman\u0131n yolunun art\u0131k yaln\u0131zca mekanik m\u00fckemmeliyetten de\u011fil, yaz\u0131l\u0131m zek\u00e2s\u0131 ve sistemlerin uyumundan ge\u00e7ti\u011fini a\u00e7\u0131k\u00e7a kabul ediyor. Bu anlay\u0131\u015f\u0131n merkezinde yer alan Heart of Joy, direksiyon, h\u0131zlanma, frenleme, rejenerasyon ve \u015fasi dengesini tek bir merkezi mimari alt\u0131nda birle\u015ftirerek arac\u0131n s\u00fcr\u00fc\u015f karakterini ger\u00e7ek zamanl\u0131 olarak y\u00f6netiyor. B\u00f6ylece iX3, s\u00fcr\u00fcc\u00fcn\u00fcn komutlar\u0131na yaln\u0131zca h\u0131zl\u0131 de\u011fil, ayn\u0131 zamanda \u00f6ng\u00f6r\u00fclebilir ve do\u011fal tepkiler veren bir yap\u0131 kazan\u0131yor. Elektrikli motorun sundu\u011fu anl\u0131k tork, bu b\u00fct\u00fcnle\u015fik yap\u0131 sayesinde ne agresif ne de yapay bir his yarat\u0131yor; aksine BMW\u2019ye \u00f6zg\u00fc ak\u0131c\u0131 ve dengeli s\u00fcr\u00fc\u015f karakteri korunuyor.<\/p>\n\n\n\n<p>Bu teknik altyap\u0131y\u0131 tamamlayan yapay zek\u00e2 katman\u0131 ise iX3\u2019\u00fc yaln\u0131zca \u201cak\u0131ll\u0131\u201d de\u011fil,&nbsp;<strong>sezgisel<\/strong>&nbsp;bir otomobil h\u00e2line getiriyor. Yeni nesil BMW Intelligent Personal Assistant, s\u00fcr\u00fcc\u00fcn\u00fcn al\u0131\u015fkanl\u0131klar\u0131n\u0131, s\u00fcr\u00fc\u015f stilini ve g\u00fcnl\u00fck kullan\u0131m senaryolar\u0131n\u0131 zamanla \u00f6\u011frenerek ara\u00e7\u2013s\u00fcr\u00fcc\u00fc ili\u015fkisini ki\u015fiselle\u015ftiriyor. Yapay zek\u00e2, s\u00fcr\u00fcc\u00fcn\u00fcn niyetini gaz, direksiyon ve fren kullan\u0131m\u0131ndan alg\u0131layarak s\u00fcr\u00fc\u015f karakterini arka planda uyarl\u0131yor; sakin bir kullan\u0131mda konforu, dinamik bir kullan\u0131mda \u00e7evikli\u011fi \u00f6ne \u00e7\u0131kar\u0131yor. Ayn\u0131 yakla\u015f\u0131m bilgi sunumunda da ge\u00e7erli: Dijital kokpit, s\u00fcr\u00fcc\u00fcn\u00fcn o an ger\u00e7ekten ihtiya\u00e7 duydu\u011fu bilgileri \u00f6n plana \u00e7\u0131kar\u0131rken, dikkat da\u011f\u0131tan unsurlar\u0131 geri planda tutuyor. Enerji y\u00f6netimi ve rejeneratif frenleme de bu sezgisel yakla\u015f\u0131m\u0131n par\u00e7as\u0131 olarak \u00e7al\u0131\u015f\u0131yor; s\u00fcr\u00fcc\u00fc fark etmeden daha verimli, daha tutarl\u0131 ve daha do\u011fal bir s\u00fcr\u00fc\u015f deneyimi elde ediyor.<\/p>\n\n\n\n<p>Sonu\u00e7 olarak Yeni BMW iX3, s\u00fcr\u00fcc\u00fcn\u00fcn arac\u0131 y\u00f6netmek zorunda kald\u0131\u011f\u0131 bir deneyimden ziyade, ara\u00e7la do\u011fal bir uyum i\u00e7inde hareket etti\u011fi \u201c<strong>simbiyotik<\/strong>\u201d bir s\u00fcr\u00fc\u015f anlay\u0131\u015f\u0131 sunuyor. Heart of Joy\u2019un y\u00fcksek h\u0131zl\u0131 merkezi kontrol\u00fc ile yapay zek\u00e2n\u0131n \u00f6\u011frenen ve uyum sa\u011flayan yap\u0131s\u0131 birle\u015fti\u011finde, ortaya \u00e7\u0131kan deneyim; BMW\u2019nin ge\u00e7mi\u015fte mekanik m\u00fckemmellik \u00fczerinden tan\u0131mlad\u0131\u011f\u0131 s\u00fcr\u00fc\u015f keyfinin, elektrikli ve dijital \u00e7a\u011fdaki kar\u015f\u0131l\u0131\u011f\u0131 oluyor. Neue Klasse felsefesiyle iX3, BMW\u2019nin s\u00fcr\u00fc\u015f keyfini gelece\u011fe nas\u0131l ta\u015f\u0131d\u0131\u011f\u0131n\u0131 somut ve hissedilebilir bir \u015fekilde ortaya koyuyor.<\/p>\n\n\n\n<p><strong>Standart Donan\u0131mlar ve Renk-D\u00f6\u015feme Se\u00e7enekleri<\/strong><\/p>\n\n\n\n<p>Yeni BMW iX3, yaln\u0131zca ileri teknoloji ve s\u00fcr\u00fc\u015f dinami\u011fiyle de\u011fil,&nbsp;<strong>zengin standart donan\u0131m seviyesi<\/strong>&nbsp;ve b\u00fct\u00fcnc\u00fcl tasar\u0131m yakla\u015f\u0131m\u0131yla da BMW\u2019nin yeni d\u00f6nem anlay\u0131\u015f\u0131n\u0131 net bi\u00e7imde ortaya koyuyor. BMW, bu modelde premium deneyimi opsiyonlara b\u0131rakmak yerine, g\u00fcnl\u00fck kullan\u0131mda fark yaratan pek \u00e7ok \u00f6zelli\u011fi standart olarak sunmay\u0131 tercih ediyor.&nbsp;<\/p>\n\n\n\n<p>A s\u00fctunundan A s\u00fctununa uzanan y\u00fcksek kontrastl\u0131 LCD projeksiyonuyla s\u00fcr\u00fc\u015f bilgilerini \u00f6n cam taban\u0131nda net ve sezgisel \u015fekilde sunarak her ko\u015fulda kolay okunabilir ve ki\u015fiselle\u015ftirilebilir bir g\u00f6r\u00fcnt\u00fcleme deneyimi sa\u011flayan&nbsp;<strong>devrim niteli\u011findeki BMW Panoramic Vision<\/strong>, s\u00fcr\u00fc\u015fle ilgili t\u00fcm kritik bilgileri s\u00fcr\u00fcc\u00fcn\u00fcn g\u00f6r\u00fc\u015f hatt\u0131na sezgisel bi\u00e7imde ta\u015f\u0131yarak dikkat da\u011f\u0131tmadan bilgiye eri\u015fim sa\u011flayan&nbsp;<strong>BMW 3D Head-Up Display<\/strong>, \u0131\u015f\u0131k animasyonlar\u0131yla arac\u0131 daha ilk anda g\u00fc\u00e7l\u00fc bir kimlik unsuru h\u00e2line getiren&nbsp;<strong>BMW Iconic Glow ayd\u0131nlatmal\u0131 b\u00f6brek \u0131zgaras\u0131<\/strong>, kamera ve radar destekli sistemleriyle \u00f6ndeki otomobille olan h\u0131z ve takip mesafesini otomatik olarak ayarlayarak g\u00fcvenli bir s\u00fcr\u00fc\u015f sunan&nbsp;<strong>S\u00fcr\u00fc\u015f Asistan\u0131 Plus<\/strong>, otomobil \u00e7evresinin 3 boyutlu g\u00f6r\u00fcnt\u00fcs\u00fcn\u00fc do\u011frudan kontrol ekran\u0131na ileterek kolayca manevra yapmaya yard\u0131mc\u0131 olan ve gerekti\u011finde My BMW uygulamas\u0131 \u00fczerinden park etme imkan\u0131 sa\u011flayan&nbsp;<strong>Park Asistan\u0131 Professional<\/strong>, dengeli ve g\u00fc\u00e7l\u00fc bir ses sistemi sunan&nbsp;<strong>HiFi by Harman Kardon<\/strong>&nbsp;ses sistemi,&nbsp;<strong>3 b\u00f6lgeli otomatik klima, \u0131s\u0131 yal\u0131t\u0131ml\u0131 panoramik cam tavan<\/strong>, yedi farkl\u0131 masaj program\u0131 i\u00e7eren&nbsp;<strong>\u00e7ok fonksiyonlu \u00f6n koltuklar<\/strong>&nbsp;gibi donan\u0131mlar standart olarak sunularak Yeni BMW iX3\u2019\u00fcn premium karakterini hissettiriyor. Ayr\u0131ca&nbsp;<strong>22 kW AC \u015farj deste\u011fi<\/strong>,&nbsp;<strong>Vehicle-To-Load (V2L)<\/strong>&nbsp;<strong>\u00e7ift y\u00f6nl\u00fc \u015farj altyap\u0131s\u0131<\/strong>&nbsp;ve&nbsp;<strong>Connected+ Unlimited<\/strong>&nbsp;donan\u0131mlar\u0131 da standart olarak sunularak elektrikli mobiliteyi hem pratik hem de entegre bir deneyime d\u00f6n\u00fc\u015ft\u00fcr\u00fcyor.<\/p>\n\n\n\n<p>Renk, d\u00f6\u015feme ve jant se\u00e7enekleri de bu b\u00fct\u00fcnc\u00fcl yakla\u015f\u0131m\u0131 tamamlayan unsurlar aras\u0131nda yer al\u0131yor. Metalik Gri \/ Polarized Grey, Metalik Mavi \/ Ocean Wave ve Metalik Ye\u015fil \/ Eucalyptus Green gibi modern metalik tonlardan Metalik Gri \/ Frozen Space Silver gibi sofistike renklere kadar uzanan&nbsp;<strong>9 farkl\u0131 renk se\u00e7ene\u011fi<\/strong>; iX3\u2019\u00fcn karakterini ki\u015fiselle\u015ftirmeye imk\u00e2n tan\u0131yor. \u0130\u00e7 mek\u00e2nda ise&nbsp;<strong>Contemporary Veganza<\/strong>, BMW M i\u00e7 tasar\u0131m d\u00f6\u015femeleri ile&nbsp;<strong>BMW Individual Merino<\/strong>&nbsp;deri se\u00e7enekleri; farkl\u0131 renk kombinasyonlar\u0131yla sunuluyor. 20\u201d jantlar\u0131n standart olarak sunuldu\u011fu modelde m\u00fc\u015fteriler 22\u201d jant boyutuna kadar jant tercih edebiliyor. B\u00f6ylece Yeni BMW iX3, Neue Klasse vizyonunu yaln\u0131zca teknolojiyle de\u011fil; tasar\u0131m, konfor ve ki\u015fiselle\u015ftirme alanlar\u0131nda da somut ve hissedilir bir deneyime d\u00f6n\u00fc\u015ft\u00fcr\u00fcyor.<\/p>\n","protected":false},"excerpt":{"rendered":"<p>Borusan Otomotiv&#8217;in T\u00fcrkiye distrib\u00fct\u00f6rl\u00fc\u011f\u00fcn\u00fc \u00fcstlendi\u011fi BMW\u2019nin gelecek vizyonunu somutla\u015ft\u0131ran Neue Klasse mimarisinin ilk seri \u00fcretim temsilcisi olan Yeni BMW iX3, T\u00fcrkiye yollar\u0131na \u00e7\u0131kmaya haz\u0131rlan\u0131yor. \u00d6n talep s\u00fcreci 16 \u015eubat\u2019ta a\u00e7\u0131lan ve M Sport tasar\u0131m paketiyle sunulan Yeni BMW iX3 50 xDrive\u2019\u0131n T\u00fcrkiye sat\u0131\u015f fiyat\u0131 6.469.600 TL\u2019den ba\u015fl\u0131yor. Y\u00fcksek verimlilik, uzun menzil, ileri seviye dijitalle\u015fme ve s\u00fcrd\u00fcr\u00fclebilirlik oda\u011f\u0131n\u0131 bir araya getiren Yeni BMW iX3 50 xDrive i\u00e7in \u00f6n talepler, BMW\u2019nin dijital platformu BMW\u2019ni Bul \u00fczerinden al\u0131n\u0131yor. M\u00fc\u015fteriler, \u00f6n talep s\u00fcrecinde tercih ettikleri renk, jant ve d\u00f6\u015feme se\u00e7eneklerini belirleyebiliyor ve otomobili sat\u0131n almak istedikleri Borusan Otomotiv BMW Yetkili Sat\u0131c\u0131s\u0131\u2019n\u0131 se\u00e7ebiliyor.&nbsp; Borusan Otomotiv&#8217;in<\/p>\n","protected":false},"author":3,"featured_media":8269,"comment_status":"closed","ping_status":"closed","sticky":false,"template":"","format":"standard","meta":{"footnotes":""},"categories":[2],"tags":[],"class_list":["post-8268","post","type-post","status-publish","format-standard","has-post-thumbnail","hentry","category-donanim"],"_links":{"self":[{"href":"https:\/\/www.teknolojidergisi.net\/index.php?rest_route=\/wp\/v2\/posts\/8268"}],"collection":[{"href":"https:\/\/www.teknolojidergisi.net\/index.php?rest_route=\/wp\/v2\/posts"}],"about":[{"href":"https:\/\/www.teknolojidergisi.net\/index.php?rest_route=\/wp\/v2\/types\/post"}],"author":[{"embeddable":true,"href":"https:\/\/www.teknolojidergisi.net\/index.php?rest_route=\/wp\/v2\/users\/3"}],"replies":[{"embeddable":true,"href":"https:\/\/www.teknolojidergisi.net\/index.php?rest_route=%2Fwp%2Fv2%2Fcomments&post=8268"}],"version-history":[{"count":1,"href":"https:\/\/www.teknolojidergisi.net\/index.php?rest_route=\/wp\/v2\/posts\/8268\/revisions"}],"predecessor-version":[{"id":8270,"href":"https:\/\/www.teknolojidergisi.net\/index.php?rest_route=\/wp\/v2\/posts\/8268\/revisions\/8270"}],"wp:featuredmedia":[{"embeddable":true,"href":"https:\/\/www.teknolojidergisi.net\/index.php?rest_route=\/wp\/v2\/media\/8269"}],"wp:attachment":[{"href":"https:\/\/www.teknolojidergisi.net\/index.php?rest_route=%2Fwp%2Fv2%2Fmedia&parent=8268"}],"wp:term":[{"taxonomy":"category","embeddable":true,"href":"https:\/\/www.teknolojidergisi.net\/index.php?rest_route=%2Fwp%2Fv2%2Fcategories&post=8268"},{"taxonomy":"post_tag","embeddable":true,"href":"https:\/\/www.teknolojidergisi.net\/index.php?rest_route=%2Fwp%2Fv2%2Ftags&post=8268"}],"curies":[{"name":"wp","href":"https:\/\/api.w.org\/{rel}","templated":true}]}}