{"id":8282,"date":"2026-02-19T01:47:12","date_gmt":"2026-02-18T22:47:12","guid":{"rendered":"https:\/\/www.teknolojidergisi.net\/?p=8282"},"modified":"2026-02-19T01:47:13","modified_gmt":"2026-02-18T22:47:13","slug":"asus-proart-ekranlarda-mac-ile-is-akislarini-daha-verimli-hale-getiren-ozelliklerini-duyurdu","status":"publish","type":"post","link":"https:\/\/www.teknolojidergisi.net\/?p=8282","title":{"rendered":"ASUS, ProArt ekranlarda Mac ile i\u015f ak\u0131\u015flar\u0131n\u0131 daha verimli hale getiren \u00f6zelliklerini duyurdu"},"content":{"rendered":"\n<p><a>ASUS,<\/a><a href=\"https:\/\/webmail.teknolojidergisi.net\/?_task=mail&amp;_caps=pdf%3D1%2Cflash%3D0%2Ctiff%3D0%2Cwebp%3D1%2Cpgpmime%3D0&amp;_uid=31924&amp;_mbox=INBOX&amp;_framed=1&amp;_action=preview#v1_edn1\"><sup>[i]<\/sup><\/a>&nbsp;ProArt ekranlarda&nbsp;MacBook, Mac mini ve Mac&nbsp;Studio&nbsp;kullan\u0131c\u0131lar\u0131 i\u00e7in \u00fcretkenli\u011fi ve yarat\u0131c\u0131 i\u015f ak\u0131\u015flar\u0131n\u0131 geli\u015ftirmeye y\u00f6nelik yeni \u00f6zellikler duyurdu.&nbsp;macOS&nbsp;i\u00e7in ASUS&nbsp;DisplayWidget&nbsp;Center<a href=\"https:\/\/webmail.teknolojidergisi.net\/?_task=mail&amp;_caps=pdf%3D1%2Cflash%3D0%2Ctiff%3D0%2Cwebp%3D1%2Cpgpmime%3D0&amp;_uid=31924&amp;_mbox=INBOX&amp;_framed=1&amp;_action=preview#v1_edn2\"><sup>[ii]<\/sup><\/a>&nbsp;yaz\u0131l\u0131m\u0131, parlakl\u0131k, kontrast ve renk s\u0131cakl\u0131\u011f\u0131 gibi monit\u00f6r ayarlar\u0131n\u0131n kolayca yap\u0131lmas\u0131n\u0131 sa\u011flayan sezgisel bir aray\u00fcz sunuyor. ASUS&nbsp;DisplayWidget&nbsp;Center ayr\u0131ca,&nbsp;MacBook&nbsp;k\u0131sayol tu\u015flar\u0131 \u00fczerinden do\u011frudan ekran parlakl\u0131\u011f\u0131n\u0131n ayarlanmas\u0131na olanak tan\u0131yor. Ayr\u0131ca M Model P3<a href=\"https:\/\/webmail.teknolojidergisi.net\/?_task=mail&amp;_caps=pdf%3D1%2Cflash%3D0%2Ctiff%3D0%2Cwebp%3D1%2Cpgpmime%3D0&amp;_uid=31924&amp;_mbox=INBOX&amp;_framed=1&amp;_action=preview#v1_edn3\"><sup>[iii]<\/sup><\/a>&nbsp;renk ayar\u0131, monit\u00f6r renklerini&nbsp;MacBook&nbsp;ile e\u015fle\u015ftirerek tutarl\u0131 renk do\u011frulu\u011fu sa\u011fl\u0131yor.<\/p>\n\n\n\n<p>Y\u00fcksek \u00e7\u00f6z\u00fcn\u00fcrl\u00fckl\u00fc, y\u00fcksek piksel yo\u011funluklu ProArt ekranlar, en yeni Mac modellerinin ola\u011fan\u00fcst\u00fc grafik g\u00fcc\u00fcn\u00fc tam anlam\u0131yla yans\u0131tmas\u0131n\u0131 sa\u011fl\u0131yor. Delta E &lt; 1 renk do\u011frulu\u011fu ve geni\u015f %99 DCI-P3 renk gam\u0131 sayesinde her ayr\u0131nt\u0131 canlan\u0131yor; bu da i\u015f kalitesini ve yarat\u0131c\u0131 i\u015f ak\u0131\u015flar\u0131n\u0131n verimlili\u011fini art\u0131r\u0131yor.&nbsp;<\/p>\n\n\n\n<p>Se\u00e7ili ProArt ekranlar, Apple&nbsp;ProMotion&nbsp;teknolojisine sahip Mac cihazlar\u0131 i\u00e7in kusursuz senkronize g\u00f6rseller sunan 240 Hz\u2019e kadar de\u011fi\u015fken yenileme h\u0131z\u0131yla geliyor. Her ProArt ekran;&nbsp;MacBook&nbsp;Pro, Mac mini ve Mac&nbsp;Studio&nbsp;ile geni\u015f uyumlulu\u011fu sa\u011flamak i\u00e7in sayg\u0131n ba\u011f\u0131ms\u0131z laboratuvarlar taraf\u0131ndan testlerden ge\u00e7iriliyor.<\/p>\n\n\n\n<p>Yerle\u015fik USB-C<sup>\u00ae<\/sup>\/Thunderbolt&#x2122; 4 ba\u011flant\u0131s\u0131; s\u00fcper h\u0131zl\u0131 veri aktar\u0131m\u0131,&nbsp;DisplayPort&#x2122; uyumlulu\u011fu ve tek bir kablo \u00fczerinden&nbsp;MacBook\u2019lar\u0131&nbsp;ve di\u011fer cihazlar\u0131 \u015farj etmek i\u00e7in 96W\u2019a kadar G\u00fc\u00e7 Da\u011f\u0131t\u0131m\u0131 (Power&nbsp;Delivery) sunuyor.&nbsp;<\/p>\n\n\n\n<p><a><\/a><a><strong>Mac i\u00e7in m\u00fckemmel<\/strong><\/a><strong><\/strong><\/p>\n\n\n\n<p>macOS&nbsp;i\u00e7in kullan\u0131\u015fl\u0131 ASUS&nbsp;DisplayWidget&nbsp;Center yaz\u0131l\u0131m\u0131; parlakl\u0131k, kontrast ve renk s\u0131cakl\u0131\u011f\u0131 gibi monit\u00f6r ayarlar\u0131n\u0131 kolayca yapmak&nbsp;imkan\u0131&nbsp;veriyor. Uygulama ayr\u0131ca&nbsp;MacBook\u2019un&nbsp;k\u0131sayol tu\u015flar\u0131n\u0131 kullanarak ProArt ekran\u0131n parlakl\u0131\u011f\u0131n\u0131\u00b2 ayarlamaya da olanak tan\u0131yor<a href=\"https:\/\/webmail.teknolojidergisi.net\/?_task=mail&amp;_caps=pdf%3D1%2Cflash%3D0%2Ctiff%3D0%2Cwebp%3D1%2Cpgpmime%3D0&amp;_uid=31924&amp;_mbox=INBOX&amp;_framed=1&amp;_action=preview#v1_edn4\"><sup>[iv]<\/sup><\/a>.<\/p>\n\n\n\n<p>Yeni M Model P3 renk ayar\u0131, ProArt ekran ile ba\u011fl\u0131&nbsp;MacBook\u2019un&nbsp;renk performans\u0131n\u0131 e\u015fle\u015ftirerek iki ekran aras\u0131nda kusursuz tutarl\u0131l\u0131k sa\u011fl\u0131yor. Bu \u00f6zellik; foto\u011fraf d\u00fczenleme, video prod\u00fcksiyonu ve grafik tasar\u0131m gibi renk hassasiyeti y\u00fcksek i\u015fler i\u00e7in ideal \u00e7\u00f6z\u00fcm sunuyor.&nbsp;<\/p>\n\n\n\n<figure class=\"wp-block-image\"><img decoding=\"async\" src=\"https:\/\/webmail.teknolojidergisi.net\/?_task=mail&amp;_action=get&amp;_mbox=INBOX&amp;_uid=31924&amp;_token=obY2eRs1en98IUQzy4S081XqzkmFPRhm&amp;_part=4&amp;_embed=1&amp;_mimeclass=image\" alt=\"\"\/><\/figure>\n\n\n\n<p><strong>Ger\u00e7e\u011fe yak\u0131n renkler ve hassas renk y\u00f6netimi<\/strong><\/p>\n\n\n\n<p>Renk tonlar\u0131n\u0131n b\u00fcy\u00fck \u00f6nem ta\u015f\u0131d\u0131\u011f\u0131 i\u015flerde \u00e7al\u0131\u015fanlar, tasar\u0131mlar\u0131n\u0131n olmas\u0131 gerekti\u011fi gibi g\u00f6r\u00fcnmesi i\u00e7in renk do\u011frulu\u011funa \u00e7ok \u00f6nem veriyor. Her ProArt ekran,&nbsp;Calman&nbsp;Verified&nbsp;standartlar\u0131n\u0131 kar\u015f\u0131layacak \u015fekilde fabrikada kalibre ediliyor ve Delta E &lt; 1 renk do\u011frulu\u011funa ula\u015f\u0131yor.<\/p>\n\n\n\n<p>SDR ve HDR modlar\u0131nda \u00e7al\u0131\u015fan ProArt&nbsp;Calibration&nbsp;yaz\u0131l\u0131m\u0131&nbsp;macOS&nbsp;deste\u011fi sunuyor. Donan\u0131m kalibrasyonu, t\u00fcm renk profillerini PC yerine do\u011frudan ProArt monit\u00f6r\u00fcn dahili&nbsp;\u00f6l\u00e7ekleyici&nbsp;yongas\u0131na kaydediyor. ProArt&nbsp;Calibration&nbsp;yaz\u0131l\u0131m\u0131, yaln\u0131zca ProArt ekranlar i\u00e7in de\u011fil, \u00e7ok \u00e7e\u015fitli monit\u00f6rler ve&nbsp;MacBook&nbsp;ekranlar\u0131 i\u00e7in de ICC profilleri olu\u015fturabiliyor. B\u00f6ylece tutarl\u0131 ve g\u00fcvenilir renk performans\u0131 elde ediliyor. Kullan\u0131c\u0131lar, ProArt&nbsp;Calibration&nbsp;yaz\u0131l\u0131m\u0131 ile d\u00fczenli kalibrasyonlar planlayabiliyor. Yaz\u0131l\u0131m ProArt&nbsp;CaliContrO&nbsp;MCA02, X-Rite,&nbsp;Calibrite,&nbsp;Datacolor,&nbsp;Klein&nbsp;ve&nbsp;Colorimetry&nbsp;Research&nbsp;d\u00e2hil olmak \u00fczere ba\u015fl\u0131ca kalibrat\u00f6rlerin<a href=\"https:\/\/webmail.teknolojidergisi.net\/?_task=mail&amp;_caps=pdf%3D1%2Cflash%3D0%2Ctiff%3D0%2Cwebp%3D1%2Cpgpmime%3D0&amp;_uid=31924&amp;_mbox=INBOX&amp;_framed=1&amp;_action=preview#v1_edn5\"><sup>[v]<\/sup><\/a>&nbsp;\u00e7o\u011fuyla uyumlu.<\/p>\n\n\n\n<p>ProArt&nbsp;Color&nbsp;Center, donan\u0131m kalibrasyon deste\u011fine sahip birden fazla ProArt ekran\u0131n renk do\u011frulu\u011funu y\u00f6netmeye yard\u0131mc\u0131 olmak \u00fczere tasarlanm\u0131\u015f \u00e7evrimi\u00e7i bir ara\u00e7. Bu ara\u00e7, kullan\u0131c\u0131lara monit\u00f6r\u00fcn en son ne zaman kalibre edildi\u011fini ve bir sonraki kalibrasyonunun ne zaman yap\u0131lmas\u0131 gerekti\u011fini g\u00f6steriyor, farkl\u0131 konumlarda farkl\u0131 renk parametreleri kullanan birden fazla monit\u00f6r i\u00e7in kalibrasyon takvimi belirleme&nbsp;imkan\u0131&nbsp;veriyor.&nbsp;&nbsp;<\/p>\n\n\n\n<p>ProArt&nbsp;Display;&nbsp;Calman&nbsp;ve&nbsp;Light&nbsp;Illusion&nbsp;ColourSpace&nbsp;CMS gibi \u00fc\u00e7\u00fcnc\u00fc taraf profesyonel donan\u0131m kalibrasyon yaz\u0131l\u0131mlar\u0131yla sorunsuz \u015fekilde entegre olabiliyor. Ayr\u0131ca renk parametrelerinin ProArt ekranlara geri yaz\u0131lmas\u0131n\u0131 destekleyerek kalibrasyon s\u00fcrecini daha h\u0131zl\u0131 ve kolay hale getiriyor.<\/p>\n\n\n\n<figure class=\"wp-block-image\"><img decoding=\"async\" src=\"https:\/\/webmail.teknolojidergisi.net\/?_task=mail&amp;_action=get&amp;_mbox=INBOX&amp;_uid=31924&amp;_token=obY2eRs1en98IUQzy4S081XqzkmFPRhm&amp;_part=5&amp;_embed=1&amp;_mimeclass=image\" alt=\"\"\/><\/figure>\n\n\n\n<p><strong><br>G\u00fc\u00e7l\u00fc bir ba\u011flant\u0131 merkezi<\/strong><\/p>\n\n\n\n<p>ProArt ekranlar; USB-C, HDMI ve&nbsp;DisplayPort&nbsp;(papatya dizilimi deste\u011fiyle) dahil olmak \u00fczere \u00e7ok say\u0131da ba\u011flant\u0131 se\u00e7ene\u011fi sunuyor<a href=\"https:\/\/webmail.teknolojidergisi.net\/?_task=mail&amp;_caps=pdf%3D1%2Cflash%3D0%2Ctiff%3D0%2Cwebp%3D1%2Cpgpmime%3D0&amp;_uid=31924&amp;_mbox=INBOX&amp;_framed=1&amp;_action=preview#v1_edn6\"><sup>[vi]<\/sup><\/a>. Kolayl\u0131k i\u00e7in monit\u00f6r ayn\u0131 zamanda bir USB ba\u011flant\u0131 merkezi olarak da kullan\u0131labiliyor. Monit\u00f6r\u00fcn USB portlar\u0131na ba\u011flanan cihazlar di\u011fer \u00e7evre birimlerine eri\u015fir ve ayr\u0131 bir ba\u011flant\u0131 istasyonuna duyulan ihtiyac\u0131 ortadan kald\u0131r\u0131yor. Ayr\u0131ca yerle\u015fik Auto KVM<a href=\"https:\/\/webmail.teknolojidergisi.net\/?_task=mail&amp;_caps=pdf%3D1%2Cflash%3D0%2Ctiff%3D0%2Cwebp%3D1%2Cpgpmime%3D0&amp;_uid=31924&amp;_mbox=INBOX&amp;_framed=1&amp;_action=preview#v1_edn7\"><sup>[vii]<\/sup><\/a>, ekran\u0131n USB ba\u011flant\u0131 merkezine ba\u011fl\u0131 tek bir klavye ve fareyle iki ba\u011fl\u0131&nbsp;MacBook&nbsp;veya PC aras\u0131nda zahmetsiz ge\u00e7i\u015f, kontrol ve \u00e7oklu g\u00f6rev yap\u0131lmas\u0131n\u0131 sa\u011fl\u0131yor.&nbsp;&nbsp;<\/p>\n\n\n\n<figure class=\"wp-block-image\"><img decoding=\"async\" src=\"https:\/\/webmail.teknolojidergisi.net\/?_task=mail&amp;_action=get&amp;_mbox=INBOX&amp;_uid=31924&amp;_token=obY2eRs1en98IUQzy4S081XqzkmFPRhm&amp;_part=6&amp;_embed=1&amp;_mimeclass=image\" alt=\"\"\/><\/figure>\n\n\n\n<p><strong>T\u00fcm g\u00fcn kullan\u0131m i\u00e7in tasarland\u0131<\/strong><\/p>\n\n\n\n<p>Her ProArt ekran; rahat bir izleme i\u00e7in zahmetsiz e\u011fme, d\u00f6nd\u00fcrme ve y\u00fckseklik ayarlar\u0131na olanak tan\u0131yan ergonomik bir standa sahip. H\u0131zla \u00e7\u0131kar\u0131labilir yap\u0131s\u0131 sayesinde ekran\u0131 hi\u00e7 vida kullanmadan bir VESA duvar montaj\u0131 aparat\u0131na takmak da olduk\u00e7a kolay.&nbsp;&nbsp;&nbsp;<\/p>\n\n\n\n<p>T\u00dcV&nbsp;Rheinland&nbsp;Sertifikal\u0131&nbsp;Flicker-free&nbsp;ve&nbsp;Low&nbsp;Blue&nbsp;Light&nbsp;teknolojileri rahat bir izleme deneyimi sunuyor.&nbsp;Flicker-Free&nbsp;teknolojisi, uzun s\u00fcre ekran kar\u015f\u0131s\u0131nda kal\u0131nd\u0131\u011f\u0131nda bile olas\u0131 g\u00f6z yorgunlu\u011funu azaltmaya yard\u0131mc\u0131 olmak i\u00e7in ekran titremesini d\u00fc\u015f\u00fcr\u00fcyor. Mavi I\u015f\u0131k Filtresi ise g\u00f6zlerinizi zararl\u0131 mavi \u0131\u015f\u0131ktan koruyor. Bu filtre ekran men\u00fcs\u00fc i\u00e7indeki %0\u2013100 ayar kayd\u0131r\u0131c\u0131s\u0131yla kolayca etkinle\u015ftirilebilir.&nbsp;<\/p>\n\n\n\n<p><strong>\u00dccretsiz Adobe Creative Cloud aboneli\u011fi<\/strong><\/p>\n\n\n\n<p>ASUS, Adobe ile i\u015f birli\u011fi yaparak \u00fcnl\u00fc Creative Cloud\u00ae uygulama ve hizmet setiyle yarat\u0131c\u0131 i\u015f ak\u0131\u015flar\u0131n\u0131 destekliyor. Se\u00e7ili b\u00f6lgelerde sat\u0131n al\u0131nan her ProArt&nbsp;Display; Adobe Creative Cloud (Lightroom\u00ae, Photoshop\u00ae,&nbsp;Premiere&nbsp;Pro\u00ae,&nbsp;Illustrator\u00ae ve daha fazlas\u0131) Foto\u011fraf Plan\u0131 (Lightroom&nbsp;ve Photoshop + 1TB bulut depolama), Adobe&nbsp;Substance&nbsp;3D, Adobe&nbsp;Stock&nbsp;ve Acrobat\u00ae Standard i\u00e7in \u00fccretsiz \u00fc\u00e7 ayl\u0131k abonelik i\u00e7erir (803,85 ABD dolar\u0131 de\u011ferinde). Her Adobe plan\u0131 ayr\u0131 ayr\u0131 kullan\u0131ma sunulur ve s\u00fcreler, ilgili plan etkinle\u015ftirildi\u011fi andan itibaren ba\u015flar; bu da kullan\u0131c\u0131lara i\u015f ak\u0131\u015flar\u0131na en uygun esnekli\u011fi sa\u011flar. Creative Cloud aboneli\u011fi yeni veya mevcut bir hesaba uygulanabilir ve kay\u0131t sitesi \u00fczerinden kullan\u0131labilir. Her m\u00fc\u015fteri 3 ayl\u0131k ve 1 ayl\u0131k abonelikleri yaln\u0131zca bir kez kullanabilir. Kullan\u0131ma ba\u015flama d\u00f6nemi 31 A\u011fustos 2026\u2019ya kadar s\u00fcr\u00fcyor. Daha fazla bilgi i\u00e7in&nbsp;<a href=\"https:\/\/www.asus.com\/content\/asus-offers-adobe-creative-cloud\" target=\"_blank\" rel=\"noreferrer noopener\">https:\/\/www.asus.com\/content\/asus-offers-adobe-creative-cloud<\/a>&nbsp;adresini ziyaret edebilirsiniz.<\/p>\n","protected":false},"excerpt":{"rendered":"<p>ASUS,[i]&nbsp;ProArt ekranlarda&nbsp;MacBook, Mac mini ve Mac&nbsp;Studio&nbsp;kullan\u0131c\u0131lar\u0131 i\u00e7in \u00fcretkenli\u011fi ve yarat\u0131c\u0131 i\u015f ak\u0131\u015flar\u0131n\u0131 geli\u015ftirmeye y\u00f6nelik yeni \u00f6zellikler duyurdu.&nbsp;macOS&nbsp;i\u00e7in ASUS&nbsp;DisplayWidget&nbsp;Center[ii]&nbsp;yaz\u0131l\u0131m\u0131, parlakl\u0131k, kontrast ve renk s\u0131cakl\u0131\u011f\u0131 gibi monit\u00f6r ayarlar\u0131n\u0131n kolayca yap\u0131lmas\u0131n\u0131 sa\u011flayan sezgisel bir aray\u00fcz sunuyor. ASUS&nbsp;DisplayWidget&nbsp;Center ayr\u0131ca,&nbsp;MacBook&nbsp;k\u0131sayol tu\u015flar\u0131 \u00fczerinden do\u011frudan ekran parlakl\u0131\u011f\u0131n\u0131n ayarlanmas\u0131na olanak tan\u0131yor. Ayr\u0131ca M Model P3[iii]&nbsp;renk ayar\u0131, monit\u00f6r renklerini&nbsp;MacBook&nbsp;ile e\u015fle\u015ftirerek tutarl\u0131 renk do\u011frulu\u011fu sa\u011fl\u0131yor. Y\u00fcksek \u00e7\u00f6z\u00fcn\u00fcrl\u00fckl\u00fc, y\u00fcksek piksel yo\u011funluklu ProArt ekranlar, en yeni Mac modellerinin ola\u011fan\u00fcst\u00fc grafik g\u00fcc\u00fcn\u00fc tam anlam\u0131yla yans\u0131tmas\u0131n\u0131 sa\u011fl\u0131yor. Delta E &lt; 1 renk do\u011frulu\u011fu ve geni\u015f %99 DCI-P3 renk gam\u0131 sayesinde her ayr\u0131nt\u0131 canlan\u0131yor; bu da i\u015f kalitesini ve yarat\u0131c\u0131 i\u015f ak\u0131\u015flar\u0131n\u0131n verimlili\u011fini art\u0131r\u0131yor.&nbsp; Se\u00e7ili<\/p>\n","protected":false},"author":3,"featured_media":8283,"comment_status":"closed","ping_status":"closed","sticky":false,"template":"","format":"standard","meta":{"footnotes":""},"categories":[2],"tags":[],"class_list":["post-8282","post","type-post","status-publish","format-standard","has-post-thumbnail","hentry","category-donanim"],"_links":{"self":[{"href":"https:\/\/www.teknolojidergisi.net\/index.php?rest_route=\/wp\/v2\/posts\/8282"}],"collection":[{"href":"https:\/\/www.teknolojidergisi.net\/index.php?rest_route=\/wp\/v2\/posts"}],"about":[{"href":"https:\/\/www.teknolojidergisi.net\/index.php?rest_route=\/wp\/v2\/types\/post"}],"author":[{"embeddable":true,"href":"https:\/\/www.teknolojidergisi.net\/index.php?rest_route=\/wp\/v2\/users\/3"}],"replies":[{"embeddable":true,"href":"https:\/\/www.teknolojidergisi.net\/index.php?rest_route=%2Fwp%2Fv2%2Fcomments&post=8282"}],"version-history":[{"count":1,"href":"https:\/\/www.teknolojidergisi.net\/index.php?rest_route=\/wp\/v2\/posts\/8282\/revisions"}],"predecessor-version":[{"id":8284,"href":"https:\/\/www.teknolojidergisi.net\/index.php?rest_route=\/wp\/v2\/posts\/8282\/revisions\/8284"}],"wp:featuredmedia":[{"embeddable":true,"href":"https:\/\/www.teknolojidergisi.net\/index.php?rest_route=\/wp\/v2\/media\/8283"}],"wp:attachment":[{"href":"https:\/\/www.teknolojidergisi.net\/index.php?rest_route=%2Fwp%2Fv2%2Fmedia&parent=8282"}],"wp:term":[{"taxonomy":"category","embeddable":true,"href":"https:\/\/www.teknolojidergisi.net\/index.php?rest_route=%2Fwp%2Fv2%2Fcategories&post=8282"},{"taxonomy":"post_tag","embeddable":true,"href":"https:\/\/www.teknolojidergisi.net\/index.php?rest_route=%2Fwp%2Fv2%2Ftags&post=8282"}],"curies":[{"name":"wp","href":"https:\/\/api.w.org\/{rel}","templated":true}]}}