{"id":8329,"date":"2026-03-03T03:48:57","date_gmt":"2026-03-03T00:48:57","guid":{"rendered":"https:\/\/www.teknolojidergisi.net\/?p=8329"},"modified":"2026-03-03T03:48:57","modified_gmt":"2026-03-03T00:48:57","slug":"turk-telekom-ve-zteden-5g-akilli-cihaz-ve-surdurulebilir-teknolojilerde-is-birligi","status":"publish","type":"post","link":"https:\/\/www.teknolojidergisi.net\/?p=8329","title":{"rendered":"T\u00fcrk Telekom ve ZTE\u2019den 5G ak\u0131ll\u0131 cihaz ve s\u00fcrd\u00fcr\u00fclebilir teknolojilerde i\u015f birli\u011fi"},"content":{"rendered":"\n<p><strong>T\u00fcrkiye\u2019nin dijital d\u00f6n\u00fc\u015f\u00fcm\u00fcne liderlik eden T\u00fcrk Telekom, yerli ve global i\u015f ortaklar\u0131yla yenilik\u00e7i teknolojilerde \u00f6nc\u00fc ad\u0131mlar atmay\u0131 s\u00fcrd\u00fcr\u00fcyor. T\u00fcrk Telekom\u2019un Sivas\u2019ta ZTE i\u015f birli\u011fi ile hayata ge\u00e7irdi\u011fi 128 MWp&#8217;lik kurulu g\u00fcce sahip G\u00fcne\u015f Enerji Santrali\u2019nin (GES) enerji \u00fcretimine ba\u015flad\u0131\u011f\u0131, GSMA Mobil D\u00fcnya Kongresi\u2019nde duyuruldu. 5G\u2019de abone ba\u015f\u0131na en y\u00fcksek kapasite kullan\u0131m hakk\u0131na sahip operat\u00f6r olan T\u00fcrk Telekom, T\u00fcrkiye\u2019de 1 Nisan\u2019da ba\u015flayacak 5G d\u00f6nemi \u00f6ncesi kullan\u0131c\u0131lar\u0131na 5G uyumlu ak\u0131ll\u0131 telefonlar sunmak i\u00e7in nubia ile 5G ak\u0131ll\u0131 telefon anla\u015fmas\u0131 ger\u00e7ekle\u015ftirdi.&nbsp;<\/strong><\/p>\n\n\n\n<p><strong>T\u00fcrk Telekom CEO\u2019su Ebubekir \u015eahin, \u201cT\u00fcrk Telekom olarak g\u00fc\u00e7l\u00fc altyap\u0131m\u0131z, teknoloji birikimimiz, yerli ve k\u00fcresel i\u015f birliklerimizle dijital gelece\u011fin in\u015fas\u0131na katk\u0131 sunuyoruz. Yar\u0131nlara daha ya\u015fanabilir bir d\u00fcnya b\u0131rakmak amac\u0131yla evrensel s\u00fcrd\u00fcr\u00fclebilirlik ilkelerini stratejilerimizin merkezine al\u0131yoruz. Aktif olarak enerji \u00fcretmeye ba\u015flayan GES projemiz, bu anlay\u0131\u015f\u0131n en somut \u00f6rneklerinden birini olu\u015fturuyor. Bununla birlikte altyap\u0131m\u0131zda verimlili\u011fi ve tasarrufu art\u0131racak \u00f6nc\u00fc denemeler ve \u00e7al\u0131\u015fmalar y\u00fcr\u00fctmeyi s\u00fcrd\u00fcr\u00fcyoruz. Fiber altyap\u0131m\u0131zda ZTE i\u015f birli\u011fi ile yine d\u00fcnyada bir ilke imza atarak ger\u00e7ekle\u015ftirdi\u011fimiz denemede, t\u00fcm \u015febekeyi de\u011fi\u015ftirmeye gerek kalmadan ihtiya\u00e7 olan b\u00f6lgelerde h\u0131zla kapasite art\u0131\u015f\u0131 elde edebildi\u011fimizi kan\u0131tlad\u0131k. Ayr\u0131ca 1 Nisan\u2019da 5G hayat\u0131m\u0131za girdi\u011finde herkes i\u00e7in ve her noktada kullan\u0131c\u0131lar\u0131m\u0131za en kapsay\u0131c\u0131 deneyimi sunmak istiyoruz. nubia ile yapt\u0131\u011f\u0131m\u0131z anla\u015fmayla m\u00fc\u015fterilerimizin cihazlar\u0131n\u0131 5G uyumlu ak\u0131ll\u0131 telefon ile de\u011fi\u015ftirmelerinde kolayl\u0131k sa\u011flayaca\u011f\u0131z\u201d dedi.<\/strong><\/p>\n\n\n\n<p>T\u00fcrkiye\u2019nin dijital d\u00f6n\u00fc\u015f\u00fcm\u00fcne liderlik eden T\u00fcrk Telekom, yerli ve k\u00fcresel i\u015f ortaklar\u0131yla dijital gelece\u011fi \u015fekillendirmek i\u00e7in \u00e7al\u0131\u015fmalar\u0131n\u0131 s\u00fcrd\u00fcr\u00fcyor. T\u00fcrk Telekom, Barselona\u2019da d\u00fczenlenen GSMA Mobil D\u00fcnya Kongresi kapsam\u0131nda, d\u00fcnyan\u0131n \u00f6nde gelen teknoloji \u015firketlerinden ZTE ile hayata ge\u00e7irdi\u011fi yenilik\u00e7i uygulamalar\u0131 ve yeni i\u015f birliklerini duyurdu. S\u00fcrd\u00fcr\u00fclebilir bir gelecek in\u015fas\u0131 i\u00e7in GES projeleri hayata ge\u00e7iren T\u00fcrk Telekom, Ula\u015ft\u0131rma ve Altyap\u0131 Bakan Yard\u0131mc\u0131s\u0131 \u00d6mer Fatih Sayan\u2019\u0131n da kat\u0131l\u0131m\u0131yla ger\u00e7ekle\u015ftirilen etkinlikte, Sivas\u2019ta ZTE i\u015f birli\u011fi ile kurulan dev GES\u2019in enerji \u00fcretimine ba\u015flad\u0131\u011f\u0131n\u0131 duyurdu. Fiber a\u011f teknolojilerindeki yenilik\u00e7i denemelerini s\u00fcrd\u00fcren T\u00fcrk Telekom ile ZTE taraf\u0131ndan, yo\u011fun veri trafi\u011finin ya\u015fand\u0131\u011f\u0131 \u0130stanbul\u2019da k\u0131talararas\u0131 hat \u00fczerinde yeni bir sistem test edildi. Yenilik\u00e7i \u00e7\u00f6z\u00fcm sayesinde \u015febekeye m\u00fcdahale edilmeden y\u00f6netim sistemi \u00fczerinden veri trafi\u011fini y\u00f6netmeye katk\u0131 sunan yenilik\u00e7i uygulama, y\u00fcksek kapasite imkan\u0131 sunarken, maliyet tasarrufu sa\u011fl\u0131yor. T\u00fcrk Telekom, 1 Nisan\u2019da T\u00fcrkiye\u2019de ba\u015flayacak 5G d\u00f6nemi \u00f6ncesi Mobil D\u00fcnya Kongresi\u2019nde nubia ile 5G uyumlu ak\u0131ll\u0131 telefonlarda i\u015f birli\u011fine gidilece\u011fini duyurdu.&nbsp;<\/p>\n\n\n\n<p>T\u00fcrk Telekom CEO\u2019su Ebubekir \u015eahin, \u201cT\u00fcrk Telekom olarak g\u00fc\u00e7l\u00fc altyap\u0131m\u0131z, teknoloji birikimimiz, yerli ve k\u00fcresel i\u015f birliklerimizle dijital gelece\u011fin in\u015fas\u0131na katk\u0131 sunuyoruz. Yar\u0131nlara daha ya\u015fanabilir bir d\u00fcnya b\u0131rakmak amac\u0131yla evrensel s\u00fcrd\u00fcr\u00fclebilirlik ilkelerini stratejilerimizin merkezine al\u0131yoruz. Aktif olarak enerji \u00fcretmeye ba\u015flayan GES projemiz bu anlay\u0131\u015f\u0131n en somut \u00f6rneklerinden birini olu\u015fturuyor. Sivas GES y\u0131ll\u0131k 200 milyon kWh enerji \u00fcretimi ile s\u00fcrd\u00fcr\u00fclebilirlik hedeflerimize ve \u00fclkemizin enerji ba\u011f\u0131ms\u0131zl\u0131\u011f\u0131na \u00f6nemli katk\u0131 sunacak. Bununla birlikte altyap\u0131m\u0131zda verimlili\u011fi ve tasarrufu art\u0131racak \u00f6nc\u00fc denemeler ve \u00e7al\u0131\u015fmalar y\u00fcr\u00fctmeyi s\u00fcrd\u00fcr\u00fcyoruz. Fiber altyap\u0131m\u0131zda ZTE i\u015f birli\u011fi ile yine d\u00fcnyada bir ilke imza atarak ger\u00e7ekle\u015ftirildi\u011fimiz denemede t\u00fcm \u015febekeyi de\u011fi\u015ftirmeye gerek kalmadan ihtiya\u00e7 olan b\u00f6lgelerde h\u0131zla kapasite art\u0131\u015f\u0131 elde edebildi\u011fimizi kan\u0131tlad\u0131k. Bu hamle ile veri trafi\u011findeki art\u0131\u015flara h\u0131zla yan\u0131t verebilecek, gelece\u011fin y\u00fcksek h\u0131z ihtiya\u00e7lar\u0131n\u0131 kar\u015f\u0131layacak esnek, d\u00fc\u015f\u00fck maliyetli ve s\u00fcrd\u00fcr\u00fclebilir bir altyap\u0131 modelini hayata ge\u00e7irece\u011fiz\u201d dedi. T\u00fcrkiye\u2019de 1 Nisan\u2019da ba\u015flayacak 5G d\u00f6neminde herkes i\u00e7in ve her noktada en kapsay\u0131c\u0131 deneyimi sunmak istediklerini belirten \u015eahin, \u201cnubia ile yapt\u0131\u011f\u0131m\u0131z ak\u0131ll\u0131 telefon anla\u015fmas\u0131yla m\u00fc\u015fterilerimizin cihazlar\u0131n\u0131 5G uyumlu ak\u0131ll\u0131 telefonlar ile de\u011fi\u015ftirmelerinde kolayl\u0131k sa\u011flayaca\u011f\u0131z. Dijital \u00e7a\u011f\u0131n olanaklar\u0131ndan herkesin e\u015fit \u015fekilde faydalanmas\u0131 en b\u00fcy\u00fck \u00f6nceli\u011fimiz\u201d ifadelerini kulland\u0131.<\/p>\n\n\n\n<p>ZTE Avrupa Ba\u015fkan\u0131 Ling Zhi, \u201cZTE olarak uzun y\u0131llard\u0131r i\u015f ortakl\u0131\u011f\u0131 y\u00fcr\u00fctt\u00fc\u011f\u00fcm\u00fcz T\u00fcrkiye\u2019nin dijital d\u00f6n\u00fc\u015f\u00fcm\u00fcn\u00fcn \u00f6nc\u00fcs\u00fc T\u00fcrk Telekom ile ZTE\u2019nin d\u00fcnya \u00e7ap\u0131nda kan\u0131tlanm\u0131\u015f ileri optik iletim, enerji verimli sistemler ve 5G cihaz ekosistemi \u00e7\u00f6z\u00fcmleri konusunda yeni \u00e7al\u0131\u015fmalar yaparak i\u015f birli\u011fimizi geni\u015fletiyoruz. Sivas\u2019taki g\u00fcne\u015f enerjisi yat\u0131r\u0131m\u0131ndan, d\u00fcnyan\u0131n ilk C+L tam bant entegre 1,6 Tbps canl\u0131 \u015febeke denemesine ve nubia\u2019n\u0131n 5G cihaz portf\u00f6y\u00fcn\u00fcn entegrasyonuna kadar uzanan bu i\u015f birli\u011fi; u\u00e7tan uca y\u00fcksek performans\u0131, operasyonel verimlili\u011fi ve geli\u015fmi\u015f kullan\u0131c\u0131 deneyimini tek bir \u00e7at\u0131 alt\u0131nda birle\u015ftirmektedir. ZTE olarak gelece\u011fin s\u00fcrd\u00fcr\u00fclebilir teknolojilerini in\u015fa ederken T\u00fcrk Telekom ile birlikte \u00e7al\u0131\u015fmaktan b\u00fcy\u00fck mutluluk duyuyoruz\u201d &nbsp;ifadelerini kulland\u0131.<\/p>\n\n\n\n<p><strong>Yeni nesil fiber teknolojilerinde bir ilk!<\/strong><\/p>\n\n\n\n<p>T\u00fcrk Telekom g\u00fcnden g\u00fcne artan veri h\u0131z ihtiya\u00e7lar\u0131n\u0131 kar\u015f\u0131lamak i\u00e7in altyap\u0131s\u0131n\u0131 yenilik\u00e7i teknolojilerle g\u00fc\u00e7lendirmeyi s\u00fcrd\u00fcr\u00fcyor. T\u00fcrk Telekom ve ZTE i\u015f birli\u011fi ile d\u00fcnyan\u0131n ilk 1,6 Tbps kapasiteli C+L tam bant entegre optik sistemi, \u0130stanbul\u2019da k\u0131talararas\u0131 canl\u0131 trafik \u00fczerinde test edildi. \u0130stanbul\u2019un iki yakas\u0131n\u0131 birbirine ba\u011flayan T\u00fcrk Telekom \u015febekesi \u00fczerinde ger\u00e7ekle\u015ftirilen testlerde, 1,6 Tbps kapasiteli entegre kart \u00e7\u00f6z\u00fcm\u00fc kullan\u0131ld\u0131. Bu \u00e7\u00f6z\u00fcm, \u015febekeye herhangi bir fiziksel m\u00fcdahale gerektirmeksizin, tamamen merkezi y\u00f6netim sistemi arac\u0131l\u0131\u011f\u0131yla C ve L bantlar\u0131 aras\u0131nda ge\u00e7i\u015f yap\u0131labilmesine olanak tan\u0131yor. Mevcut fiber altyap\u0131y\u0131 koruyarak t\u00fcm frekans spektrumunun en verimli \u015fekilde kullan\u0131lmas\u0131n\u0131 m\u00fcmk\u00fcn k\u0131lan bu stratejik ad\u0131m; d\u00fc\u015f\u00fck maliyetli, y\u00fcksek kapasiteli ve esnek bir optik \u015febeke yap\u0131s\u0131 sunuyor. T\u00fcrk Telekom, bu teknolojik hamlesiyle veri trafi\u011findeki art\u0131\u015flara h\u0131zla yan\u0131t verebilecek, gelece\u011fin y\u00fcksek h\u0131z ihtiya\u00e7lar\u0131n\u0131 kar\u015f\u0131layacak esnek bir altyap\u0131 modelini hayata ge\u00e7irmi\u015f oldu.<\/p>\n","protected":false},"excerpt":{"rendered":"<p>T\u00fcrkiye\u2019nin dijital d\u00f6n\u00fc\u015f\u00fcm\u00fcne liderlik eden T\u00fcrk Telekom, yerli ve global i\u015f ortaklar\u0131yla yenilik\u00e7i teknolojilerde \u00f6nc\u00fc ad\u0131mlar atmay\u0131 s\u00fcrd\u00fcr\u00fcyor. T\u00fcrk Telekom\u2019un Sivas\u2019ta ZTE i\u015f birli\u011fi ile hayata ge\u00e7irdi\u011fi 128 MWp&#8217;lik kurulu g\u00fcce sahip G\u00fcne\u015f Enerji Santrali\u2019nin (GES) enerji \u00fcretimine ba\u015flad\u0131\u011f\u0131, GSMA Mobil D\u00fcnya Kongresi\u2019nde duyuruldu. 5G\u2019de abone ba\u015f\u0131na en y\u00fcksek kapasite kullan\u0131m hakk\u0131na sahip operat\u00f6r olan T\u00fcrk Telekom, T\u00fcrkiye\u2019de 1 Nisan\u2019da ba\u015flayacak 5G d\u00f6nemi \u00f6ncesi kullan\u0131c\u0131lar\u0131na 5G uyumlu ak\u0131ll\u0131 telefonlar sunmak i\u00e7in nubia ile 5G ak\u0131ll\u0131 telefon anla\u015fmas\u0131 ger\u00e7ekle\u015ftirdi.&nbsp; T\u00fcrk Telekom CEO\u2019su Ebubekir \u015eahin, \u201cT\u00fcrk Telekom olarak g\u00fc\u00e7l\u00fc altyap\u0131m\u0131z, teknoloji birikimimiz, yerli ve k\u00fcresel i\u015f birliklerimizle dijital gelece\u011fin in\u015fas\u0131na katk\u0131 sunuyoruz.<\/p>\n","protected":false},"author":3,"featured_media":8330,"comment_status":"closed","ping_status":"closed","sticky":false,"template":"","format":"standard","meta":{"footnotes":""},"categories":[2],"tags":[],"class_list":["post-8329","post","type-post","status-publish","format-standard","has-post-thumbnail","hentry","category-donanim"],"_links":{"self":[{"href":"https:\/\/www.teknolojidergisi.net\/index.php?rest_route=\/wp\/v2\/posts\/8329"}],"collection":[{"href":"https:\/\/www.teknolojidergisi.net\/index.php?rest_route=\/wp\/v2\/posts"}],"about":[{"href":"https:\/\/www.teknolojidergisi.net\/index.php?rest_route=\/wp\/v2\/types\/post"}],"author":[{"embeddable":true,"href":"https:\/\/www.teknolojidergisi.net\/index.php?rest_route=\/wp\/v2\/users\/3"}],"replies":[{"embeddable":true,"href":"https:\/\/www.teknolojidergisi.net\/index.php?rest_route=%2Fwp%2Fv2%2Fcomments&post=8329"}],"version-history":[{"count":1,"href":"https:\/\/www.teknolojidergisi.net\/index.php?rest_route=\/wp\/v2\/posts\/8329\/revisions"}],"predecessor-version":[{"id":8331,"href":"https:\/\/www.teknolojidergisi.net\/index.php?rest_route=\/wp\/v2\/posts\/8329\/revisions\/8331"}],"wp:featuredmedia":[{"embeddable":true,"href":"https:\/\/www.teknolojidergisi.net\/index.php?rest_route=\/wp\/v2\/media\/8330"}],"wp:attachment":[{"href":"https:\/\/www.teknolojidergisi.net\/index.php?rest_route=%2Fwp%2Fv2%2Fmedia&parent=8329"}],"wp:term":[{"taxonomy":"category","embeddable":true,"href":"https:\/\/www.teknolojidergisi.net\/index.php?rest_route=%2Fwp%2Fv2%2Fcategories&post=8329"},{"taxonomy":"post_tag","embeddable":true,"href":"https:\/\/www.teknolojidergisi.net\/index.php?rest_route=%2Fwp%2Fv2%2Ftags&post=8329"}],"curies":[{"name":"wp","href":"https:\/\/api.w.org\/{rel}","templated":true}]}}